{"id":9957,"date":"2021-08-26T06:59:42","date_gmt":"2021-08-26T09:59:42","guid":{"rendered":"http:\/\/esreviral.com\/?p=9957"},"modified":"2021-08-26T06:59:42","modified_gmt":"2021-08-26T09:59:42","slug":"entregan-el-primer-dni-y-pasaporte-no-binarios-en-un-consulado-argentino","status":"publish","type":"post","link":"https:\/\/esreviral.com\/?p=9957","title":{"rendered":"Entregan el primer DNI y pasaporte no binarios en un consulado argentino"},"content":{"rendered":"\n<p><strong>Cy,<\/strong>&nbsp;de 37 a\u00f1os, se convertir\u00e1 este jueves en la&nbsp;<strong>primera persona de nacionalidad argentina en recibir su DNI y pasaporte no binarios en el exterior,<\/strong>&nbsp;una batalla que en lo personal viene librando hace m\u00e1s de tres a\u00f1os desde Berl\u00edn y cuya resoluci\u00f3n positiva se precipit\u00f3 ahora con el decreto presidencial que agreg\u00f3 \u201cX\u201d como tercera opci\u00f3n registral de g\u00e9nero a las tradicionales M y F.<\/p>\n\n\n\n<p>\u201cLa embajada de nuestro pa\u00eds en Alemania, con sede en la ciudad de Berl\u00edn, entregar\u00e1 ma\u00f1ana un DNI no binario a una persona de nacionalidad argentina, y de esta manera se convertir\u00e1 en el primer documento de estas caracter\u00edsticas otorgado en una representaci\u00f3n nacional en el exterior\u201d, inform\u00f3 la Canciller\u00eda a trav\u00e9s de un comunicado.<\/p>\n\n\n\n<blockquote class=\"wp-block-quote is-layout-flow wp-block-quote-is-layout-flow\"><p>\u00abMe parece incre\u00edble porque no hay muchos estados en el mundo que est\u00e9n dando documentaci\u00f3n no binaria\u201d.CY<\/p><\/blockquote>\n\n\n\n<p>Con el&nbsp;<strong>acompa\u00f1amiento de la organizaci\u00f3n Abogadxs por los Derechos Sexuales (Abosex<\/strong>), Cy ya hab\u00eda conseguido el a\u00f1o pasado que el&nbsp;<strong>registro civil de su provincia -Misiones- fuera a\u00fan m\u00e1s all\u00e1 y le emitiera una nueva acta de nacimiento con el casillero de g\u00e9nero vac\u00edo,<\/strong>&nbsp;siendo esta indefinici\u00f3n una opci\u00f3n alternativa que viene reclamando el colectivo \u201cTodes con DNI\u201d tras la publicaci\u00f3n del decreto 476\/2021, para un mejor cumplimiento de la Ley de Identidad de G\u00e9nero (26743) de 2012.<\/p>\n\n\n\n<p>\u201cPara m\u00ed lo m\u00e1s importante es el pasaporte, porque es lo que me permite acceder a todo, y me parece incre\u00edble porque no hay muchos estados en el mundo que est\u00e9n dando documentaci\u00f3n no binaria\u201d, dijo Cy a T\u00e9lam desde Alemania, donde vive y trabaja.<\/p>\n\n\n\n<p>\u201cMi paso siguiente es ver qu\u00e9 pa\u00edses pa\u00edses los reconocen para saber d\u00f3nde puedo moverme\u201d, agreg\u00f3.<\/p>\n\n\n\n<p>No obstante, Cy asegur\u00f3 que el decreto 476\/2021 le gener\u00f3 \u201copiniones encontradas\u201d porque, por un lado, \u201ces un avance en relaci\u00f3n a lo que hab\u00eda\u201d; pero, por otro,&nbsp;<strong>\u201cno todas las personas que no nos identificamos con H o M, necesariamente somos una X\u201d.<\/strong><\/p>\n\n\n\n<p>\u201cYo milito en Todes con DNI, desde donde venimos proponiendo otras alternativas al Renaper porque la ley habla de identidad de g\u00e9nero autopercibido, no de una X, y<strong>&nbsp;yo hubiera preferido que mis documentos tengan un campo vac\u00edo, como mi partida de nacimiento; es decir, que el g\u00e9nero sea un campo opcional abierto\u201d.<\/strong><\/p>\n\n\n\n<p>\u201cPero Alberto Fern\u00e1ndez dijo que era un primer paso y yo espero que haya m\u00e1s avances en relaci\u00f3n a esto\u201d, dijo.<\/p>\n\n\n\n<p>Por otro lado, Cy afirm\u00f3 que da a conocer su caso porque \u201cme interesa que otras personas que viven en el extranjero sepan que el pasaporte no binario es una posibilidad real que se puede implementar hoy\u201d.<\/p>\n\n\n\n<p>Cy teme que \u201chaya consulados o embajadas que digan que todav\u00eda no es posible porque el decreto es muy reciente\u201d a quienes quieran iniciar el tr\u00e1mite de rectificaci\u00f3n del pasaporte en el extranjero, siendo que \u201choy es posible\u201d.<\/p>\n\n\n\n<p>\u201cA m\u00ed me llev\u00f3 3 a\u00f1os y 8 meses que se respete nuestra ley de identidad de g\u00e9nero que tiene 9 a\u00f1os, en lo personal considero que es la mejor del mundo; por eso me gustar\u00eda que en adelante las personas residentes en el exterior tengan acceso de una manera m\u00e1s r\u00e1pida a este derecho porque te cambia la vida cuando ten\u00e9s un DNI que tiene tu nombre y g\u00e9nero\u201d, agreg\u00f3.<\/p>\n\n\n\n<figure class=\"wp-block-image size-large is-resized\"><img fetchpriority=\"high\" decoding=\"async\" src=\"https:\/\/esreviral.com\/wp-content\/uploads\/2021\/08\/pasportenobinario2-26-8-21-esreviral.jpg\" alt=\"\" class=\"wp-image-9959\" width=\"613\" height=\"632\"\/><\/figure>\n\n\n\n<p>n julio del a\u00f1o pasado Cy ya hab\u00eda hecho historia al obtener una nueva partida de nacimiento no binaria, pero ese reconocimiento legal no le hab\u00eda permitido hasta ahora obtener su DNI y pasaporte del Renaper, donde se hab\u00eda estancado el tr\u00e1mite, por lo cual el \u00faltimo a\u00f1o lo pas\u00f3 sin documentos, con todos los inconvenientes que eso genera.<\/p>\n\n\n\n<p><strong>\u201cFue horrible porque sin documentaci\u00f3n en el exterior no podes hacer nada, casi ni moverme\u201d<\/strong>, cont\u00f3.<\/p>\n\n\n\n<p>La falta de un pasaporte que reflejara su verdadero nombre e identidad de g\u00e9nero autopercibida le impidi\u00f3 todo ese tiempo \u201chacer lo m\u00e1s b\u00e1sico de lo b\u00e1sico\u201d como \u201ctener una cuenta de banco a mi nombre, firmar un contrato de alquiler o de trabajo, pagar los servicios y hasta vacunarme contra el coronavirus\u201d, sin que se violara su derecho a la identidad.<\/p>\n\n\n\n<p>\u201cAhora la situaci\u00f3n cambi\u00f3 con este decreto que incorpora la \u2018X\u2019 como tercera opci\u00f3n, apenas se public\u00f3 fui a la embajada donde me dijeron que mi documentaci\u00f3n iba a salir y ya ma\u00f1ana me la entregan\u201d, cont\u00f3.<\/p>\n\n\n\n<p>Por su parte,&nbsp;<strong>Emiliano Litardo -de Abosex-<\/strong>&nbsp;afirm\u00f3 que el pasaporte no binario de Cy implica&nbsp;<strong>\u201creparar su situaci\u00f3n migratoria en Berl\u00edn\u201d pero tambi\u00e9n \u201ccumplir un deseo suyo de tener en sus documentos oficiales una identidad que le represente\u201d;<\/strong>&nbsp;y si bien \u201cla X no era justo lo que elle quer\u00eda\u201d, la medida igualmente \u201cpermite efectivizar un derecho concreto\u201d.<\/p>\n\n\n\n<p>El abogado que redact\u00f3 la letra de la Ley de Identidad de G\u00e9nero, plante\u00f3 que en la nueva documentaci\u00f3n no binaria \u201chay una apoyatura jur\u00eddica y pol\u00edtica importante\u201d en esta norma de 2012, \u201cno obstante me parece que restringe otras manifestaciones de identidad de g\u00e9nero por fuera de la X\u201d.<\/p>\n\n\n\n<p>\u201cPero, para el caso concreto de Cy, refuerza el aspecto autodeclaratorio de la identidad de g\u00e9nero a trav\u00e9s de la ley, y por eso es celebratorio\u201d, dijo.<\/p>\n\n\n\n<p>A su turno, el&nbsp;<strong>jefe de gabinete de la Canciller\u00eda, Guillermo Justo Chaves, calific\u00f3 el acto de ma\u00f1ana, en Berl\u00edn, como \u201chist\u00f3rico\u201d.<\/strong><\/p>\n\n\n\n<p>\u201cEs nuestra obligaci\u00f3n como gobierno que esta instancia de ampliaci\u00f3n de derechos sea un paso m\u00e1s, firme y concreto, en un camino largo que busca cumplir con dos valores que nos atraviesan profundamente: el amor y la igualdad, y que eso lo viva cada compatriota sin importar d\u00f3nde se encuentre\u201d, dijo.<\/p>\n\n\n\n<p>En su comunicado, la Canciller\u00eda explic\u00f3 que&nbsp;<strong>el pasaporte de emergencia le ser\u00e1 entregado tambi\u00e9n ma\u00f1ana en funci\u00f3n de la \u201csituaci\u00f3n de extrema vulnerabilidad\u201d<\/strong>&nbsp;que supone la \u201cindocumentaci\u00f3n\u201d para quien, como Cy, se \u201cencuentran en el exterior sin otra ciudadan\u00eda\u201d.<\/p>\n\n\n\n<p>\u201cPosteriormente, teniendo un DNI vigente, se proceder\u00e1 a iniciar, en la secci\u00f3n consular de la Embajada, el tr\u00e1mite necesario para la emisi\u00f3n de un pasaporte ordinario que le iguale en derechos con el resto de la ciudadan\u00eda argentina\u201d, dijeron.<\/p>\n\n\n\n<p>El acto de entrega se producir\u00e1 el jueves a las 11 (hora local) en la sede del Consulado Argentino en Berl\u00edn, y contar\u00e1 tambi\u00e9n con la\u00a0<strong>presencia la extitular de la Direcci\u00f3n de la Mujer y Asuntos de G\u00e9nero de la Canciller\u00eda<\/strong>\u00a0y encargada de negocios ad interim de la Embajada Argentina en Berl\u00edn, Ana Sarrabayrouse; y del jefe de la secci\u00f3n consular, Mart\u00edn Castro.<\/p>\n\n\n\n<p class=\"has-text-align-right\"><em><strong>Telam<\/strong><\/em><\/p>\n","protected":false},"excerpt":{"rendered":"<p>\u201cMe interesa que otras personas que viven en el extranjero sepan que el pasaporte no binario es una posibilidad real que se puede implementar hoy\u00bb, explic\u00f3 Cy, que recibir\u00e1 este jueves ambos documentos. <\/p>\n","protected":false},"author":2,"featured_media":9958,"comment_status":"open","ping_status":"open","sticky":false,"template":"","format":"standard","meta":{"jnews-multi-image_gallery":[],"jnews_single_post":[],"jnews_primary_category":[],"jnews_social_meta":[],"jnews_review":[],"enable_review":"","type":"","name":"","summary":"","brand":"","sku":"","good":[],"bad":[],"score_override":"","override_value":"","rating":[],"price":[],"jnews_override_counter":[],"jnews_post_split":[],"footnotes":""},"categories":[43],"tags":[1107],"class_list":["post-9957","post","type-post","status-publish","format-standard","has-post-thumbnail","hentry","category-actualidad","tag-genero"],"amp_enabled":true,"_links":{"self":[{"href":"https:\/\/esreviral.com\/index.php?rest_route=\/wp\/v2\/posts\/9957"}],"collection":[{"href":"https:\/\/esreviral.com\/index.php?rest_route=\/wp\/v2\/posts"}],"about":[{"href":"https:\/\/esreviral.com\/index.php?rest_route=\/wp\/v2\/types\/post"}],"author":[{"embeddable":true,"href":"https:\/\/esreviral.com\/index.php?rest_route=\/wp\/v2\/users\/2"}],"replies":[{"embeddable":true,"href":"https:\/\/esreviral.com\/index.php?rest_route=%2Fwp%2Fv2%2Fcomments&post=9957"}],"version-history":[{"count":0,"href":"https:\/\/esreviral.com\/index.php?rest_route=\/wp\/v2\/posts\/9957\/revisions"}],"wp:featuredmedia":[{"embeddable":true,"href":"https:\/\/esreviral.com\/index.php?rest_route=\/"}],"wp:attachment":[{"href":"https:\/\/esreviral.com\/index.php?rest_route=%2Fwp%2Fv2%2Fmedia&parent=9957"}],"wp:term":[{"taxonomy":"category","embeddable":true,"href":"https:\/\/esreviral.com\/index.php?rest_route=%2Fwp%2Fv2%2Fcategories&post=9957"},{"taxonomy":"post_tag","embeddable":true,"href":"https:\/\/esreviral.com\/index.php?rest_route=%2Fwp%2Fv2%2Ftags&post=9957"}],"curies":[{"name":"wp","href":"https:\/\/api.w.org\/{rel}","templated":true}]}}