{"id":9941,"date":"2021-08-25T19:11:29","date_gmt":"2021-08-25T22:11:29","guid":{"rendered":"http:\/\/esreviral.com\/?p=9941"},"modified":"2021-08-25T19:11:29","modified_gmt":"2021-08-25T22:11:29","slug":"denuncian-a-administradora-de-una-residencia-por-no-devolver-el-deposito-y-por-malos-tratos","status":"publish","type":"post","link":"https:\/\/esreviral.com\/?p=9941","title":{"rendered":"Denuncian a administradora de una residencia por no devolver el dep\u00f3sito y por malos tratos"},"content":{"rendered":"\n<p>Por tres meses alquil\u00f3 Alejandro Guzm\u00e1n una habitaci\u00f3n en una casa en Las Ca\u00f1itas, exactamente en Andr\u00e9s Arguibel 2835, de la ciudad de Buenos Aires, al momento del contrato entreg\u00f3 17 mil pesos de dep\u00f3sito y no le dieron recibo ahora que se retir\u00f3 del lugar, le exigen un supuesto recibo para devolverle el dinero. <\/p>\n\n\n\n<p>El joven venezolano abandon\u00f3 la residencia desde hace un mes y medio y desde entonces ha recibido s\u00f3lo maltratos por parte de Sandra Lusgarten, quien dice ser encargada pero seg\u00fan \u00e9l, es la propietaria del lugar donde conviven 25 personas que comparten ba\u00f1o y cocina. <\/p>\n\n\n\n<figure class=\"wp-block-image size-large\"><img decoding=\"async\" src=\"https:\/\/esreviral.com\/wp-content\/uploads\/2021\/08\/WhatsApp-Image-2021-08-25-at-17.01.32-1-461x1024.jpeg\" alt=\"\" class=\"wp-image-9943\"\/><\/figure>\n\n\n\n<figure class=\"wp-block-image size-large\"><img decoding=\"async\" src=\"https:\/\/esreviral.com\/wp-content\/uploads\/2021\/08\/WhatsApp-Image-2021-08-25-at-17.01.32-2-461x1024.jpeg\" alt=\"\" class=\"wp-image-9944\"\/><\/figure>\n\n\n\n<figure class=\"wp-block-image size-large\"><img decoding=\"async\" src=\"https:\/\/esreviral.com\/wp-content\/uploads\/2021\/08\/WhatsApp-Image-2021-08-25-at-17.01.32-461x1024.jpeg\" alt=\"\" class=\"wp-image-9945\"\/><\/figure>\n\n\n\n<p>Alejandro cuenta que en el lugar \u00abse vive como en una c\u00e1rcel: una vez se fue la luz  dijo que era porque estaban abusando del consumo de luz y generaba que se rompieran las t\u00e9rmicas. Otra fue cuando el internet comenz\u00f3 a andar a poca velocidad, nos empez\u00f3 a decir que ten\u00edamos mineria ilegal de criptomonedad Y que nos iba a quitar el internet si continuaba el sobre consumo de gb\u00bb, explic\u00f3 el caraque\u00f1o de 26 a\u00f1os de edad. <\/p>\n\n\n\n<figure class=\"wp-block-image size-large\"><img decoding=\"async\" src=\"https:\/\/esreviral.com\/wp-content\/uploads\/2021\/08\/WhatsApp-Image-2021-08-25-at-17.59.28-485x1024.jpeg\" alt=\"\" class=\"wp-image-9947\"\/><\/figure>\n\n\n\n<p>A otros de sus compa\u00f1eros los ha amenazado e incluso se escuda de ser la apoderada de la empresa que hace los contratos, seg\u00fan cuentan los j\u00f3venes que ah\u00ed residen. <\/p>\n\n\n\n<p>\u00abQueremos es que se tome alerta ante estos casos para que otras personas no caigan en la misma situaci\u00f3n. S\u00e9 que no me van a devolver el dinero pero por lo menos que quede como antecedente este hecho\u00bb, dijo el ingeniero en sistema. <\/p>\n\n\n\n<p>Cabe destacar que en la direcci\u00f3n de google maps, hay cientos de comentarios negativos hacia la persona encargada y la residencia. <\/p>\n\n\n\n<figure class=\"wp-block-image size-large\"><img decoding=\"async\" src=\"https:\/\/esreviral.com\/wp-content\/uploads\/2021\/08\/WhatsApp-Image-2021-08-25-at-17.50.39-1024x693.jpeg\" alt=\"\" class=\"wp-image-9948\"\/><figcaption>Esta es la cocina que deben compartir los 25 habitantes de la residencia <\/figcaption><\/figure>\n","protected":false},"excerpt":{"rendered":"<p>Por tres meses alquil\u00f3 Alejandro Guzm\u00e1n una habitaci\u00f3n en una casa en Las Ca\u00f1itas, exactamente en Andr\u00e9s Arguibel 2835, de la ciudad de Buenos Aires, al momento del contrato entreg\u00f3 17 mil pesos de dep\u00f3sito y no le dieron recibo ahora que se retir\u00f3 del lugar, le exigen un supuesto recibo para devolverle el dinero. [&hellip;]<\/p>\n","protected":false},"author":2,"featured_media":9946,"comment_status":"open","ping_status":"open","sticky":false,"template":"","format":"standard","meta":{"jnews-multi-image_gallery":[],"jnews_single_post":[],"jnews_primary_category":[],"jnews_social_meta":[],"jnews_review":[],"enable_review":"","type":"","name":"","summary":"","brand":"","sku":"","good":[],"bad":[],"score_override":"","override_value":"","rating":[],"price":[],"jnews_override_counter":[],"jnews_post_split":[],"footnotes":""},"categories":[54],"tags":[513,55,45,67],"class_list":["post-9941","post","type-post","status-publish","format-standard","has-post-thumbnail","hentry","category-inmigracion","tag-alquileres","tag-inmigracion","tag-noticias","tag-venezolanos-en-argentina"],"amp_enabled":true,"_links":{"self":[{"href":"https:\/\/esreviral.com\/index.php?rest_route=\/wp\/v2\/posts\/9941"}],"collection":[{"href":"https:\/\/esreviral.com\/index.php?rest_route=\/wp\/v2\/posts"}],"about":[{"href":"https:\/\/esreviral.com\/index.php?rest_route=\/wp\/v2\/types\/post"}],"author":[{"embeddable":true,"href":"https:\/\/esreviral.com\/index.php?rest_route=\/wp\/v2\/users\/2"}],"replies":[{"embeddable":true,"href":"https:\/\/esreviral.com\/index.php?rest_route=%2Fwp%2Fv2%2Fcomments&post=9941"}],"version-history":[{"count":0,"href":"https:\/\/esreviral.com\/index.php?rest_route=\/wp\/v2\/posts\/9941\/revisions"}],"wp:featuredmedia":[{"embeddable":true,"href":"https:\/\/esreviral.com\/index.php?rest_route=\/"}],"wp:attachment":[{"href":"https:\/\/esreviral.com\/index.php?rest_route=%2Fwp%2Fv2%2Fmedia&parent=9941"}],"wp:term":[{"taxonomy":"category","embeddable":true,"href":"https:\/\/esreviral.com\/index.php?rest_route=%2Fwp%2Fv2%2Fcategories&post=9941"},{"taxonomy":"post_tag","embeddable":true,"href":"https:\/\/esreviral.com\/index.php?rest_route=%2Fwp%2Fv2%2Ftags&post=9941"}],"curies":[{"name":"wp","href":"https:\/\/api.w.org\/{rel}","templated":true}]}}