{"id":9908,"date":"2021-08-25T11:36:32","date_gmt":"2021-08-25T14:36:32","guid":{"rendered":"http:\/\/esreviral.com\/?p=9908"},"modified":"2021-08-25T11:36:32","modified_gmt":"2021-08-25T14:36:32","slug":"el-papa-llamo-hipocritas-a-los-politicos-que-viven-de-una-forma-en-publico-y-de-otra-en-privado","status":"publish","type":"post","link":"https:\/\/esreviral.com\/?p=9908","title":{"rendered":"El Papa llam\u00f3 \u00abhip\u00f3critas\u00bb a los pol\u00edticos \u00abque viven de una forma en p\u00fablico y de otra en privado\u00bb"},"content":{"rendered":"\n<p>El papa Francisco llam\u00f3 \u00abhip\u00f3critas\u00bb a los pol\u00edticos \u00abque viven de una forma en p\u00fablico y de otra en privado\u00bb, al tiempo que consider\u00f3 tambi\u00e9n \u00abparticularmente detestable la hipocres\u00eda en la Iglesia\u201d.<\/p>\n\n\n\n<p><strong>\u00abEn la pol\u00edtica no es inusual encontrar pol\u00edticos que viven de una forma en p\u00fablico y de otra en privado\u00bb<\/strong>, plante\u00f3 el pont\u00edfice durante la Audiencia General de este mi\u00e9rcoles en el Vaticano.<\/p>\n\n\n\n<p>Adem\u00e1s, en esa sentido Francisco denunci\u00f3 que es \u00abparticularmente detestable la hipocres\u00eda en la Iglesia\u00bb al expresarse durante su catequesis semanal que encabez\u00f3 desde el Aula Pablo VI vaticana.<\/p>\n\n\n\n<p><strong>\u00abLamentablemente existe la hipocres\u00eda en la Iglesia, y hay tantos cristianos y tantos ministros hip\u00f3critas\u00bb<\/strong>, advirti\u00f3 Jorge Bergoglio.<\/p>\n\n\n\n<p>Para el Papa, \u00abla hipocres\u00eda es el miedo a decir abiertamente la verdad, es fingir o aparentar para quedar bien a los ojos de los dem\u00e1s\u00bb, seg\u00fan plante\u00f3.<\/p>\n\n\n\n<p>En ese contexto, el obispo de Roma afirm\u00f3 que \u00abtambi\u00e9n Jes\u00fas condena la hipocres\u00eda y reprocha a quienes se muestran justos por fuera, pero dentro est\u00e1n llenos de ego\u00edsmo y falsedad\u00bb.<\/p>\n\n\n\n<p class=\"has-text-align-right\"><strong><em>Telam.-<\/em><\/strong><\/p>\n","protected":false},"excerpt":{"rendered":"<p>\u00abLamentablemente existe la hipocres\u00eda en la Iglesia, y hay tantos cristianos y tantos ministros hip\u00f3critas\u00bb, advirti\u00f3 Jorge Bergoglio<\/p>\n","protected":false},"author":2,"featured_media":9909,"comment_status":"open","ping_status":"open","sticky":false,"template":"","format":"standard","meta":{"jnews-multi-image_gallery":[],"jnews_single_post":[],"jnews_primary_category":[],"jnews_social_meta":[],"jnews_review":[],"enable_review":"","type":"","name":"","summary":"","brand":"","sku":"","good":[],"bad":[],"score_override":"","override_value":"","rating":[],"price":[],"jnews_override_counter":[],"jnews_post_split":[],"footnotes":""},"categories":[88],"tags":[45,128],"class_list":["post-9908","post","type-post","status-publish","format-standard","has-post-thumbnail","hentry","category-internacionales","tag-noticias","tag-papa-francisco"],"amp_enabled":true,"_links":{"self":[{"href":"https:\/\/esreviral.com\/index.php?rest_route=\/wp\/v2\/posts\/9908"}],"collection":[{"href":"https:\/\/esreviral.com\/index.php?rest_route=\/wp\/v2\/posts"}],"about":[{"href":"https:\/\/esreviral.com\/index.php?rest_route=\/wp\/v2\/types\/post"}],"author":[{"embeddable":true,"href":"https:\/\/esreviral.com\/index.php?rest_route=\/wp\/v2\/users\/2"}],"replies":[{"embeddable":true,"href":"https:\/\/esreviral.com\/index.php?rest_route=%2Fwp%2Fv2%2Fcomments&post=9908"}],"version-history":[{"count":0,"href":"https:\/\/esreviral.com\/index.php?rest_route=\/wp\/v2\/posts\/9908\/revisions"}],"wp:featuredmedia":[{"embeddable":true,"href":"https:\/\/esreviral.com\/index.php?rest_route=\/"}],"wp:attachment":[{"href":"https:\/\/esreviral.com\/index.php?rest_route=%2Fwp%2Fv2%2Fmedia&parent=9908"}],"wp:term":[{"taxonomy":"category","embeddable":true,"href":"https:\/\/esreviral.com\/index.php?rest_route=%2Fwp%2Fv2%2Fcategories&post=9908"},{"taxonomy":"post_tag","embeddable":true,"href":"https:\/\/esreviral.com\/index.php?rest_route=%2Fwp%2Fv2%2Ftags&post=9908"}],"curies":[{"name":"wp","href":"https:\/\/api.w.org\/{rel}","templated":true}]}}