{"id":9904,"date":"2021-08-25T11:22:49","date_gmt":"2021-08-25T14:22:49","guid":{"rendered":"http:\/\/esreviral.com\/?p=9904"},"modified":"2021-08-25T11:22:49","modified_gmt":"2021-08-25T14:22:49","slug":"una-semana-antes-de-las-elecciones-el-gobierno-intensificara-la-presencialidad-de-las-clases","status":"publish","type":"post","link":"https:\/\/esreviral.com\/?p=9904","title":{"rendered":"Una semana antes de las elecciones el Gobierno intensificar\u00e1 la presencialidad de las clases"},"content":{"rendered":"\n<p>El ministro de Educaci\u00f3n,&nbsp;<strong>Nicol\u00e1s Trotta<\/strong>, adelant\u00f3 que este mi\u00e9rcoles a la tarde se reunir\u00e1 con el&nbsp;<strong>Consejo Asesor para el Regreso a las Clases Presenciales<\/strong>, para continuar analizando y definir las propuestas de cambios en el protocolo en las escuelas que \u00abse validar\u00e1n este jueves en la reuni\u00f3n del&nbsp;<strong>Consejo Federal de Educaci\u00f3n<\/strong>\u00ab, con el objetivo de \u00abintensificar la presencialidad\u00bb, a partir del&nbsp;<strong>1 de septiembre<\/strong>.<\/p>\n\n\n\n<p>\u00ab<strong>Estamos avanzando en la intensificaci\u00f3n de la presencialidad<\/strong>\u00bb en el marco de la pandemia de coronavirus, defini\u00f3 Trotta sobre las reuniones que comenzaron esta semana con la comisi\u00f3n para el regreso seguro a las aulas.<\/p>\n\n\n\n<p>El martes Trotta se reuni\u00f3 con el gobernador bonaerense&nbsp;<strong>Axel Kicillof<\/strong>, y este mi\u00e9rcoles continuar\u00e1 con la reuni\u00f3n del Consejo Asesor para el Regreso a las Clases Presenciales, que tiene car\u00e1cter multidisciplinario y consultivo, y desarrolla los protocolos para evitar nuevos casos de COVID-19 en la comunidad escolar y los procedimientos a aplicarse en caso de que se presente un contagio en alguna instituci\u00f3n del pa\u00eds.<\/p>\n\n\n\n<p>En declaraciones a radio Atl\u00e1ntica de Mar del Plata, Trotta se\u00f1al\u00f3: \u00abEstamos evaluando distintas modificaciones para intensificar el regreso a la presencialidad y este mi\u00e9rcoles a la tarde nos reunimos con la comisi\u00f3n para el regreso seguro a las aulas\u00bb.<\/p>\n\n\n\n<p>\u00abEstuvimos reunidos con los expertos analizando los protocolos a partir de lo que ha sido la\u00a0<strong>mejora de los indicadores sanitarios y epidemiol\u00f3gicos constantes y el avance del proceso de vacunaci\u00f3n<\/strong>\u00ab, cont\u00f3.<\/p>\n\n\n\n<p class=\"has-text-align-right\"><strong><em>Telam.-<\/em><\/strong><\/p>\n","protected":false},"excerpt":{"rendered":"<p>El ministro de Educaci\u00f3n,&nbsp;Nicol\u00e1s Trotta, adelant\u00f3 que este mi\u00e9rcoles a la tarde se reunir\u00e1 con el&nbsp;Consejo Asesor para el Regreso a las Clases Presenciales, para continuar analizando y definir las propuestas de cambios en el protocolo en las escuelas que \u00abse validar\u00e1n este jueves en la reuni\u00f3n del&nbsp;Consejo Federal de Educaci\u00f3n\u00ab, con el objetivo de [&hellip;]<\/p>\n","protected":false},"author":2,"featured_media":9905,"comment_status":"open","ping_status":"open","sticky":false,"template":"","format":"standard","meta":{"jnews-multi-image_gallery":[],"jnews_single_post":[],"jnews_primary_category":[],"jnews_social_meta":[],"jnews_review":[],"enable_review":"","type":"","name":"","summary":"","brand":"","sku":"","good":[],"bad":[],"score_override":"","override_value":"","rating":[],"price":[],"jnews_override_counter":[],"jnews_post_split":[],"footnotes":""},"categories":[43,58],"tags":[727,202,45],"class_list":["post-9904","post","type-post","status-publish","format-standard","has-post-thumbnail","hentry","category-actualidad","category-argentina","tag-clases-presenciales","tag-educacion","tag-noticias"],"amp_enabled":true,"_links":{"self":[{"href":"https:\/\/esreviral.com\/index.php?rest_route=\/wp\/v2\/posts\/9904"}],"collection":[{"href":"https:\/\/esreviral.com\/index.php?rest_route=\/wp\/v2\/posts"}],"about":[{"href":"https:\/\/esreviral.com\/index.php?rest_route=\/wp\/v2\/types\/post"}],"author":[{"embeddable":true,"href":"https:\/\/esreviral.com\/index.php?rest_route=\/wp\/v2\/users\/2"}],"replies":[{"embeddable":true,"href":"https:\/\/esreviral.com\/index.php?rest_route=%2Fwp%2Fv2%2Fcomments&post=9904"}],"version-history":[{"count":0,"href":"https:\/\/esreviral.com\/index.php?rest_route=\/wp\/v2\/posts\/9904\/revisions"}],"wp:featuredmedia":[{"embeddable":true,"href":"https:\/\/esreviral.com\/index.php?rest_route=\/"}],"wp:attachment":[{"href":"https:\/\/esreviral.com\/index.php?rest_route=%2Fwp%2Fv2%2Fmedia&parent=9904"}],"wp:term":[{"taxonomy":"category","embeddable":true,"href":"https:\/\/esreviral.com\/index.php?rest_route=%2Fwp%2Fv2%2Fcategories&post=9904"},{"taxonomy":"post_tag","embeddable":true,"href":"https:\/\/esreviral.com\/index.php?rest_route=%2Fwp%2Fv2%2Ftags&post=9904"}],"curies":[{"name":"wp","href":"https:\/\/api.w.org\/{rel}","templated":true}]}}