{"id":9899,"date":"2021-08-25T11:13:31","date_gmt":"2021-08-25T14:13:31","guid":{"rendered":"http:\/\/esreviral.com\/?p=9899"},"modified":"2021-08-25T11:13:31","modified_gmt":"2021-08-25T14:13:31","slug":"imputaran-al-presidente-fernandez-por-el-olivosgate-si-no-se-presenta-en-las-proximas-horas","status":"publish","type":"post","link":"https:\/\/esreviral.com\/?p=9899","title":{"rendered":"Imputar\u00e1n al presidente Fern\u00e1ndez por el Olivosgate si no se presenta en las pr\u00f3ximas horas"},"content":{"rendered":"\n<p>El fiscal<strong>\u00a0Ramiro Gonz\u00e1lez<\/strong>\u00a0prepara un escrito para notificarle en las pr\u00f3ximas 48 horas al presidente\u00a0<strong>Alberto Fern\u00e1ndez<\/strong>\u00a0que est\u00e1 formalmente imputado en\u00a0la causa judicial\u00a0en la que se investiga la violaci\u00f3n de la cuarentena por la realizaci\u00f3n de la\u00a0fiesta de cumplea\u00f1os\u00a0de\u00a0<strong>Fabiola Ya\u00f1ez\u00a0<\/strong>en la quinta de Olivos.<\/p>\n\n\n\n<p>Si es que el Presidente no se presenta antes en el expediente, le llegar\u00e1 un oficio que identificar\u00e1 qui\u00e9nes tienen la calidad de imputado en el caso, cu\u00e1les son los derechos que les corresponden y la manera en que pueden declarar. Aludir\u00e1 a los art\u00edculos 72, 73 y 279 del C\u00f3digo Procesal, que se\u00f1alan que la persona a quien se le imputa la comisi\u00f3n de un delito tiene derecho, incluso cuando no hubiere sido indagada, a presentarse ante el tribunal, personalmente con su abogado defensor, aclarando los hechos e indicando las pruebas que, a su juicio, puedan ser \u00fatiles.<\/p>\n\n\n\n<p class=\"has-text-align-right\"><strong><em>La Naci\u00f3n.-<\/em><\/strong><a rel=\"noreferrer noopener\" href=\"https:\/\/www.lanacion.com.ar\/politica\/el-presidente-el-error-y-el-delito-nid24082021\/\" target=\"_blank\"><\/a><\/p>\n","protected":false},"excerpt":{"rendered":"<p>Se trata del caso de la celebraci\u00f3n del cumplea\u00f1os de la mujer del mandatario nacional, en medio de la cuarentena estricta en el pa\u00eds<\/p>\n","protected":false},"author":2,"featured_media":9900,"comment_status":"open","ping_status":"open","sticky":false,"template":"","format":"standard","meta":{"jnews-multi-image_gallery":[],"jnews_single_post":[],"jnews_primary_category":[],"jnews_social_meta":[],"jnews_review":[],"enable_review":"","type":"","name":"","summary":"","brand":"","sku":"","good":[],"bad":[],"score_override":"","override_value":"","rating":[],"price":[],"jnews_override_counter":[],"jnews_post_split":[],"footnotes":""},"categories":[58],"tags":[86,45],"class_list":["post-9899","post","type-post","status-publish","format-standard","has-post-thumbnail","hentry","category-argentina","tag-alberto-fernandez","tag-noticias"],"amp_enabled":true,"_links":{"self":[{"href":"https:\/\/esreviral.com\/index.php?rest_route=\/wp\/v2\/posts\/9899"}],"collection":[{"href":"https:\/\/esreviral.com\/index.php?rest_route=\/wp\/v2\/posts"}],"about":[{"href":"https:\/\/esreviral.com\/index.php?rest_route=\/wp\/v2\/types\/post"}],"author":[{"embeddable":true,"href":"https:\/\/esreviral.com\/index.php?rest_route=\/wp\/v2\/users\/2"}],"replies":[{"embeddable":true,"href":"https:\/\/esreviral.com\/index.php?rest_route=%2Fwp%2Fv2%2Fcomments&post=9899"}],"version-history":[{"count":0,"href":"https:\/\/esreviral.com\/index.php?rest_route=\/wp\/v2\/posts\/9899\/revisions"}],"wp:featuredmedia":[{"embeddable":true,"href":"https:\/\/esreviral.com\/index.php?rest_route=\/"}],"wp:attachment":[{"href":"https:\/\/esreviral.com\/index.php?rest_route=%2Fwp%2Fv2%2Fmedia&parent=9899"}],"wp:term":[{"taxonomy":"category","embeddable":true,"href":"https:\/\/esreviral.com\/index.php?rest_route=%2Fwp%2Fv2%2Fcategories&post=9899"},{"taxonomy":"post_tag","embeddable":true,"href":"https:\/\/esreviral.com\/index.php?rest_route=%2Fwp%2Fv2%2Ftags&post=9899"}],"curies":[{"name":"wp","href":"https:\/\/api.w.org\/{rel}","templated":true}]}}