{"id":9896,"date":"2021-08-25T12:31:45","date_gmt":"2021-08-25T15:31:45","guid":{"rendered":"http:\/\/esreviral.com\/?p=9896"},"modified":"2021-08-25T12:31:45","modified_gmt":"2021-08-25T15:31:45","slug":"buscan-a-colombiano-desaparecido-desde-hace-12-dias-en-buenos-aires","status":"publish","type":"post","link":"https:\/\/esreviral.com\/?p=9896","title":{"rendered":"Buscan a colombiano desaparecido desde hace 12 d\u00edas en Buenos Aires"},"content":{"rendered":"\n<p>Merly Mej\u00eda est\u00e1 peocupada, no saben nada de su t\u00edo Ruben David Mej\u00eda Mart\u00ednez, 40 a\u00f1os de edad, desde hace 12 d\u00edas que est\u00e1 desaparecido en la Ciudad de Buenos Aires, lo extra\u00f1o del caso es que d\u00edas atr\u00e1s encontraron su campera y documentos en un tacho de basura por La Boca. <\/p>\n\n\n\n<p>\u00abQuien lo vio por \u00faltima vez fue el conserje del edificio donde reside, el d\u00eda viernes 13 de agosto, dicho edificio est\u00e1 ubicado en La calle Bartolom\u00e9 Mitre 1934 6-G. El domingo 15 de agosto en la laguna de Sarand\u00ed en la calle Agrelo fue hallada por una chica su chaqueta con sus documentos como pasaporte, DNI y tarjetas bancarias en un pote de basura. La joven intento contactar v\u00eda facebook a mi t\u00edo para hacerle saber que ella ten\u00eda sus cosas pero nunca obtuvo respuesta ya que mi t\u00edo no se conecta en Facebook desde el 10 de agosto\u00bb, narr\u00f3 Mej\u00eda desde Colombia, donde se encuentra toda la familia de la v\u00edctima.<\/p>\n\n\n\n<p>La madre de la joven que encontr\u00f3 las pertenencias de Mej\u00eda Mart\u00ednez fue quien las llev\u00f3 al edificio donde reside el colombiano. Es la primera vez que desaparece de esta manera y seg\u00fan los familiares, el hombre est\u00e1 soltero, es evang\u00e9lico y no consumo ning\u00fan tipo de sustancias estupefacientes ni tiene problemas con nadie. <\/p>\n\n\n\n<p>\u00abYa la denuncia ha sido hecha en la polic\u00eda y el consulado de Colombia en Buenos Aires est\u00e1 al tanto de la situaci\u00f3n\u00bb, cuenta que son personas de bajo recursos y no tienen c\u00f3mo viajar a Argentina adem\u00e1s por las restricciones que hay debido a la pandemia.<\/p>\n\n\n\n<p><strong>Si alguien llega a verlo o tiene informaci\u00f3n al respecto comunicarse al +57 304 2434729<\/strong><\/p>\n","protected":false},"excerpt":{"rendered":"<p>Si alguien llega a verlo o tiene informaci\u00f3n al respecto comunicarse al +57 304 2434729<\/p>\n","protected":false},"author":2,"featured_media":9914,"comment_status":"open","ping_status":"open","sticky":false,"template":"","format":"standard","meta":{"jnews-multi-image_gallery":[],"jnews_single_post":[],"jnews_primary_category":[],"jnews_social_meta":[],"jnews_review":[],"enable_review":"","type":"","name":"","summary":"","brand":"","sku":"","good":[],"bad":[],"score_override":"","override_value":"","rating":[],"price":[],"jnews_override_counter":[],"jnews_post_split":[],"footnotes":""},"categories":[54],"tags":[1102,660,45],"class_list":["post-9896","post","type-post","status-publish","format-standard","has-post-thumbnail","hentry","category-inmigracion","tag-colombianos-en-argentina","tag-desaparecido","tag-noticias"],"amp_enabled":true,"_links":{"self":[{"href":"https:\/\/esreviral.com\/index.php?rest_route=\/wp\/v2\/posts\/9896"}],"collection":[{"href":"https:\/\/esreviral.com\/index.php?rest_route=\/wp\/v2\/posts"}],"about":[{"href":"https:\/\/esreviral.com\/index.php?rest_route=\/wp\/v2\/types\/post"}],"author":[{"embeddable":true,"href":"https:\/\/esreviral.com\/index.php?rest_route=\/wp\/v2\/users\/2"}],"replies":[{"embeddable":true,"href":"https:\/\/esreviral.com\/index.php?rest_route=%2Fwp%2Fv2%2Fcomments&post=9896"}],"version-history":[{"count":0,"href":"https:\/\/esreviral.com\/index.php?rest_route=\/wp\/v2\/posts\/9896\/revisions"}],"wp:featuredmedia":[{"embeddable":true,"href":"https:\/\/esreviral.com\/index.php?rest_route=\/"}],"wp:attachment":[{"href":"https:\/\/esreviral.com\/index.php?rest_route=%2Fwp%2Fv2%2Fmedia&parent=9896"}],"wp:term":[{"taxonomy":"category","embeddable":true,"href":"https:\/\/esreviral.com\/index.php?rest_route=%2Fwp%2Fv2%2Fcategories&post=9896"},{"taxonomy":"post_tag","embeddable":true,"href":"https:\/\/esreviral.com\/index.php?rest_route=%2Fwp%2Fv2%2Ftags&post=9896"}],"curies":[{"name":"wp","href":"https:\/\/api.w.org\/{rel}","templated":true}]}}