{"id":988,"date":"2020-10-27T16:17:49","date_gmt":"2020-10-27T16:17:49","guid":{"rendered":"http:\/\/esreviral.com\/?p=988"},"modified":"2020-10-27T16:17:49","modified_gmt":"2020-10-27T16:17:49","slug":"alberto-fernandez-afirmo-que-terminara-con-la-tarea-que-empezo-nestor-y-siguio-cristina","status":"publish","type":"post","link":"https:\/\/esreviral.com\/?p=988","title":{"rendered":"Alberto Fern\u00e1ndez afirm\u00f3 que terminar\u00e1 con la tarea que empez\u00f3 N\u00e9stor y sigui\u00f3 Cristina"},"content":{"rendered":"\n<p>Al cumplirse la primera d\u00e9cada de la muerte de N\u00e9stor Kirchner, el presidente Alberto Fern\u00e1ndez, rindi\u00f3 un homenaje en el CCK pero sin presencia de Cristina Fern\u00e1ndez , viuda de Kirchner y sostuvo que hoy \u00abes un d\u00eda especial\u00bb porque el 27 de octubre del a\u00f1o pasado el Frente de Todos gan\u00f3 las elecciones y volvi\u00f3 a \u00abponer en Casa de Gobierno un presidente y una vicepresidenta preocupados por los que peor est\u00e1n\u00bb y \u00abporque se cumplan 10 de que N\u00e9stor Kirchner nos dej\u00f3\u00bb.<\/p>\n\n\n\n<p>\u00abEs el discurso m\u00e1s dif\u00edcil que me ha tocado\u00bb, dijo el mandatario al encabezar en el CCK el acto de homenaje al expresidente N\u00e9stor Kirchner, al cumplirse 10 a\u00f1os de su fallecimiento.<\/p>\n\n\n\n<p>Fern\u00e1ndez afirm\u00f3 que su \u00abdeber\u00bb es \u00abvenir a terminar con la tarea que empez\u00f3 N\u00e9stor Kirchner y sigui\u00f3 Cristina\u00bb Fern\u00e1ndez y a\u00f1adi\u00f3 que as\u00ed lo har\u00e1.<\/p>\n\n\n\n<p>\u00abCada una de las promesas que hicimos en campa\u00f1a las voy a cumplir, y vamos a poner de pie el pa\u00eds, como N\u00e9stor me ense\u00f1\u00f3 en 2003\u00bb, dijo.<\/p>\n\n\n\n<p>El Presidente lleg\u00f3 caminando al CCK desde la Casa Rosada, para encabezar el\u00a0acto de instalaci\u00f3n de la estatua de N\u00e9stor Kirchner, retirada de la sede de la Unasur en Quito.<\/p>\n\n\n\n<blockquote class=\"wp-block-quote td_quote_box td_box_center is-layout-flow wp-block-quote-is-layout-flow\"><p>\u00abN\u00e9stor fue capaz de devolver la idea de que la pol\u00edtica tiene sentido\u00bb ALBERTO FERN\u00c1NDEZ<\/p><\/blockquote>\n\n\n\n<figure class=\"wp-block-image\"><img decoding=\"async\" src=\"https:\/\/www.telam.com.ar\/advf\/imagenes\/2020\/10\/5f983fb3c4c8f_1004x565.jpg\" alt=\"\" title=\"\"\/><\/figure>\n\n\n\n<p>En su discurso, Fern\u00e1ndez destac\u00f3 que N\u00e9stor Kirchner fue \u00abcapaz de devolverle a una generaci\u00f3n de argentinos la idea de que la pol\u00edtica ten\u00eda sentido y era el camino\u00bb.<\/p>\n\n\n\n<p>\u00abHoy lo volvemos a poner en su lugar\u00bb, dijo el mandatario al encabezar un acto en el CCK, del que participan virtualmente gobernadores y dirigentes pol\u00edticos y sociales.<\/p>\n\n\n\n<p class=\"has-text-align-right\"><strong><em>Telam.-<\/em><\/strong><\/p>\n","protected":false},"excerpt":{"rendered":"<p>En el acto de conmemoraci\u00f3n por la muerte de N\u00e9stor Kirchner, no estuvo presente CFK<\/p>\n","protected":false},"author":2,"featured_media":991,"comment_status":"open","ping_status":"open","sticky":false,"template":"","format":"standard","meta":{"jnews-multi-image_gallery":[],"jnews_single_post":[],"jnews_primary_category":[],"jnews_social_meta":[],"jnews_review":[],"enable_review":"","type":"","name":"","summary":"","brand":"","sku":"","good":[],"bad":[],"score_override":"","override_value":"","rating":[],"price":[],"jnews_override_counter":[],"jnews_post_split":[],"footnotes":""},"categories":[58],"tags":[86,44,155],"class_list":["post-988","post","type-post","status-publish","format-standard","has-post-thumbnail","hentry","category-argentina","tag-alberto-fernandez","tag-argentina","tag-cristina-fernandez-de-kirchner"],"amp_enabled":true,"_links":{"self":[{"href":"https:\/\/esreviral.com\/index.php?rest_route=\/wp\/v2\/posts\/988"}],"collection":[{"href":"https:\/\/esreviral.com\/index.php?rest_route=\/wp\/v2\/posts"}],"about":[{"href":"https:\/\/esreviral.com\/index.php?rest_route=\/wp\/v2\/types\/post"}],"author":[{"embeddable":true,"href":"https:\/\/esreviral.com\/index.php?rest_route=\/wp\/v2\/users\/2"}],"replies":[{"embeddable":true,"href":"https:\/\/esreviral.com\/index.php?rest_route=%2Fwp%2Fv2%2Fcomments&post=988"}],"version-history":[{"count":0,"href":"https:\/\/esreviral.com\/index.php?rest_route=\/wp\/v2\/posts\/988\/revisions"}],"wp:featuredmedia":[{"embeddable":true,"href":"https:\/\/esreviral.com\/index.php?rest_route=\/"}],"wp:attachment":[{"href":"https:\/\/esreviral.com\/index.php?rest_route=%2Fwp%2Fv2%2Fmedia&parent=988"}],"wp:term":[{"taxonomy":"category","embeddable":true,"href":"https:\/\/esreviral.com\/index.php?rest_route=%2Fwp%2Fv2%2Fcategories&post=988"},{"taxonomy":"post_tag","embeddable":true,"href":"https:\/\/esreviral.com\/index.php?rest_route=%2Fwp%2Fv2%2Ftags&post=988"}],"curies":[{"name":"wp","href":"https:\/\/api.w.org\/{rel}","templated":true}]}}