{"id":9800,"date":"2021-08-23T15:56:57","date_gmt":"2021-08-23T18:56:57","guid":{"rendered":"http:\/\/esreviral.com\/?p=9800"},"modified":"2021-08-23T15:56:57","modified_gmt":"2021-08-23T18:56:57","slug":"kamala-harris-afirmo-que-la-unica-prioridad-de-ee-uu-en-afganistan-es-la-evacuacion","status":"publish","type":"post","link":"https:\/\/esreviral.com\/?p=9800","title":{"rendered":"Kamala Harris afirm\u00f3 que la \u00fanica prioridad de EE UU en Afganist\u00e1n es la evacuaci\u00f3n"},"content":{"rendered":"\n<p>La vicepresidenta de Estados Unidos,\u00a0<a href=\"https:\/\/twitter.com\/VP\">Kamala Harris<\/a>, afirm\u00f3 este lunes que<strong>\u00a0la prioridad de su pa\u00eds en Afganist\u00e1n en este momento es la evacuaci\u00f3n<\/strong>\u00a0de ciudadanos estadounidenses y afganos vinculados a Washington o en situaci\u00f3n especialmente vulnerable.<\/p>\n\n\n\n<p>\u00abNo podemos distraernos de ninguna manera de nuestra misi\u00f3n prioritaria: evacuar a la gente que merece ser evacuada\u00bb, recalc\u00f3 Harris durante una rueda de prensa en Singapur junto al primer ministro de la ciudad-estado, Lee Hsien Loong, en el inicio de su gira por el Sureste Asi\u00e1tico, que la llevar\u00e1 ma\u00f1ana a Vietnam.<\/p>\n\n\n\n<p>La vicepresidenta&nbsp;<strong>eludi\u00f3 valorar posibles errores en la retirada de las tropas<\/strong>&nbsp;de Estados Unidos de Afganist\u00e1n y record\u00f3 la labor de los militares para repatriar al personal de la embajada sin bajas estadounidenses y el control del aeropuerto de Kabul para asegurar la evacuaci\u00f3n de miles de personas tras la toma del poder por los talibanes.<\/p>\n\n\n\n<p>\u00ab<strong>Habr\u00e1 tiempo para analizar lo sucedido.<\/strong>&nbsp;Estamos centrados en evacuar a los ciudadanos estadounidenses, los afganos que han trabajado con nosotros y los que est\u00e1n en situaci\u00f3n vulnerable, incluidos mujeres y ni\u00f1os. Es nuestra \u00fanica prioridad\u00bb, subray\u00f3.<\/p>\n\n\n\n<p>Miles de personas se agolpan a la entrada del Aeropuerto Internacional Hamid Karzai de Kabul con el objetivo de subirse a uno de los aviones, en medio del temor que se vive tras la toma de la capital por los talibanes hace una semana.<\/p>\n\n\n\n<p class=\"has-text-align-right\"><strong><em>El Nacional.-<\/em><\/strong><\/p>\n","protected":false},"excerpt":{"rendered":"<p>La vicepresidenta de Estados Unidos,\u00a0Kamala Harris, afirm\u00f3 este lunes que\u00a0la prioridad de su pa\u00eds en Afganist\u00e1n en este momento es la evacuaci\u00f3n\u00a0de ciudadanos estadounidenses y afganos vinculados a Washington o en situaci\u00f3n especialmente vulnerable. \u00abNo podemos distraernos de ninguna manera de nuestra misi\u00f3n prioritaria: evacuar a la gente que merece ser evacuada\u00bb, recalc\u00f3 Harris durante [&hellip;]<\/p>\n","protected":false},"author":2,"featured_media":9801,"comment_status":"open","ping_status":"open","sticky":false,"template":"","format":"standard","meta":{"jnews-multi-image_gallery":[],"jnews_single_post":[],"jnews_primary_category":[],"jnews_social_meta":[],"jnews_review":[],"enable_review":"","type":"","name":"","summary":"","brand":"","sku":"","good":[],"bad":[],"score_override":"","override_value":"","rating":[],"price":[],"jnews_override_counter":[],"jnews_post_split":[],"footnotes":""},"categories":[88],"tags":[1070,45],"class_list":["post-9800","post","type-post","status-publish","format-standard","has-post-thumbnail","hentry","category-internacionales","tag-afganistan","tag-noticias"],"_links":{"self":[{"href":"https:\/\/esreviral.com\/index.php?rest_route=\/wp\/v2\/posts\/9800","targetHints":{"allow":["GET"]}}],"collection":[{"href":"https:\/\/esreviral.com\/index.php?rest_route=\/wp\/v2\/posts"}],"about":[{"href":"https:\/\/esreviral.com\/index.php?rest_route=\/wp\/v2\/types\/post"}],"author":[{"embeddable":true,"href":"https:\/\/esreviral.com\/index.php?rest_route=\/wp\/v2\/users\/2"}],"replies":[{"embeddable":true,"href":"https:\/\/esreviral.com\/index.php?rest_route=%2Fwp%2Fv2%2Fcomments&post=9800"}],"version-history":[{"count":0,"href":"https:\/\/esreviral.com\/index.php?rest_route=\/wp\/v2\/posts\/9800\/revisions"}],"wp:featuredmedia":[{"embeddable":true,"href":"https:\/\/esreviral.com\/index.php?rest_route=\/"}],"wp:attachment":[{"href":"https:\/\/esreviral.com\/index.php?rest_route=%2Fwp%2Fv2%2Fmedia&parent=9800"}],"wp:term":[{"taxonomy":"category","embeddable":true,"href":"https:\/\/esreviral.com\/index.php?rest_route=%2Fwp%2Fv2%2Fcategories&post=9800"},{"taxonomy":"post_tag","embeddable":true,"href":"https:\/\/esreviral.com\/index.php?rest_route=%2Fwp%2Fv2%2Ftags&post=9800"}],"curies":[{"name":"wp","href":"https:\/\/api.w.org\/{rel}","templated":true}]}}