{"id":9749,"date":"2021-08-21T10:39:34","date_gmt":"2021-08-21T13:39:34","guid":{"rendered":"http:\/\/esreviral.com\/?p=9749"},"modified":"2021-08-21T10:39:34","modified_gmt":"2021-08-21T13:39:34","slug":"realizan-simulacro-electoral-de-cara-a-las-primarias-de-septiembre","status":"publish","type":"post","link":"https:\/\/esreviral.com\/?p=9749","title":{"rendered":"Realizan simulacro electoral de cara a las primarias de septiembre"},"content":{"rendered":"\n<p>La Direcci\u00f3n Nacional Electoral (DINE) realizar\u00e1 hoy un simulacro general electoral, el mayor operativo de despliegue t\u00e9cnico y log\u00edstico previo a las primarias abiertas, simult\u00e1neas y obligatorias (PASO) del 12 de septiembre.<\/p>\n\n\n\n<p>El simulacro que comenzar\u00e1 a las 8, cuando se habiliten las Sucursales Electorales Digitales, implicar\u00e1 la movilizaci\u00f3n de m\u00e1s de 20.000 personas abocadas al proceso de transmisi\u00f3n, recuento y difusi\u00f3n de resultados electorales, informaron fuentes del Ministerio del Interior.<\/p>\n\n\n\n<p>Para esta fecha, la m\u00e1s trascendente previa a la realizaci\u00f3n de las elecciones, fueron convocados y capacitados 13.663 operadores de transmisi\u00f3n y 2.456 supervisores en todo el pa\u00eds, a los que se suman 6.400 trabajadores de Correo que brindar\u00e1n soporte t\u00e9cnico, administrativo y de log\u00edstica.<\/p>\n\n\n\n<p>Adem\u00e1s, participar\u00e1n 1.170 digitadores de los telegramas, que ser\u00e1n cargados en el sistema de recuento provisorio, y m\u00e1s de 2.000 apoderados y fiscales inform\u00e1ticos de todas las fuerzas pol\u00edticas.<\/p>\n\n\n\n<p><strong>El operativo involucrar\u00e1, adem\u00e1s, el despliegue de 3.826 veh\u00edculos para el traslado de kits y operadores de transmisi\u00f3n a los establecimientos.<\/strong><\/p>\n\n\n\n<p>En l\u00ednea con lo acordado entre el Ministerio del Interior y la C\u00e1mara Nacional Electoral, durante este simulacro&nbsp;<strong>de alcance nacional<\/strong><strong>se aplicar\u00e1n los protocolos de prevenci\u00f3n y protecci\u00f3n sanitarias en el marco de la actual situaci\u00f3n provocada por el Covid-19<\/strong>, con distribuci\u00f3n de elementos de cuidado para todo el personal involucrado as\u00ed como insumos y material de protocolo preventivo en cada sede de Correo.<\/p>\n\n\n\n<p>Adem\u00e1s se probar\u00e1 la carga de datos de la totalidad de los telegramas en el sistema de recuento provisorio de resultados a cargo de la DINE que se instalar\u00e1 para su operaci\u00f3n en dos centros de c\u00f3mputos con instalaci\u00f3n redundante en las sedes de Correo en el barrio porte\u00f1o de Barracas y en la localidad bonaerense de Monte Grande.<\/p>\n\n\n\n<p><strong>El simulacro es el \u00faltimo paso antes de las elecciones primarias,<\/strong>\u00a0que tuvo un cap\u00edtulo previo el 7 de agosto cuando se llev\u00f3 a cabo una prueba de recuento de votos, en la que se transmitieron m\u00e1s de 100 mil telegramas, un volumen similar al de las PASO, mientras que para el recuento de resultados se digitaron m\u00e1s de 6.000 telegramas con configuraciones de candidaturas y cargos diferentes de Chaco, La Pampa, San Luis, Santa Cruz y Tierra del Fuego.<\/p>\n\n\n\n<p class=\"has-text-align-right\"><strong><em>Telam.-<\/em><\/strong><\/p>\n","protected":false},"excerpt":{"rendered":"<p>Tendr\u00e1 alcance nacional y habr\u00e1 m\u00e1s de 20.000 personas destinadas al operativo que arranca a las 8 de la ma\u00f1ana y ser\u00e1 el mayor antes de las elecciones del 12 de septiembre<\/p>\n","protected":false},"author":2,"featured_media":9751,"comment_status":"open","ping_status":"open","sticky":false,"template":"","format":"standard","meta":{"jnews-multi-image_gallery":[],"jnews_single_post":[],"jnews_primary_category":[],"jnews_social_meta":[],"jnews_review":[],"enable_review":"","type":"","name":"","summary":"","brand":"","sku":"","good":[],"bad":[],"score_override":"","override_value":"","rating":[],"price":[],"jnews_override_counter":[],"jnews_post_split":[],"footnotes":""},"categories":[58,59],"tags":[1047,45,1059,1060],"class_list":["post-9749","post","type-post","status-publish","format-standard","has-post-thumbnail","hentry","category-argentina","category-politica","tag-elecciones-paso","tag-noticias","tag-voto-extranjero","tag-voto-migrante"],"amp_enabled":true,"_links":{"self":[{"href":"https:\/\/esreviral.com\/index.php?rest_route=\/wp\/v2\/posts\/9749"}],"collection":[{"href":"https:\/\/esreviral.com\/index.php?rest_route=\/wp\/v2\/posts"}],"about":[{"href":"https:\/\/esreviral.com\/index.php?rest_route=\/wp\/v2\/types\/post"}],"author":[{"embeddable":true,"href":"https:\/\/esreviral.com\/index.php?rest_route=\/wp\/v2\/users\/2"}],"replies":[{"embeddable":true,"href":"https:\/\/esreviral.com\/index.php?rest_route=%2Fwp%2Fv2%2Fcomments&post=9749"}],"version-history":[{"count":0,"href":"https:\/\/esreviral.com\/index.php?rest_route=\/wp\/v2\/posts\/9749\/revisions"}],"wp:featuredmedia":[{"embeddable":true,"href":"https:\/\/esreviral.com\/index.php?rest_route=\/"}],"wp:attachment":[{"href":"https:\/\/esreviral.com\/index.php?rest_route=%2Fwp%2Fv2%2Fmedia&parent=9749"}],"wp:term":[{"taxonomy":"category","embeddable":true,"href":"https:\/\/esreviral.com\/index.php?rest_route=%2Fwp%2Fv2%2Fcategories&post=9749"},{"taxonomy":"post_tag","embeddable":true,"href":"https:\/\/esreviral.com\/index.php?rest_route=%2Fwp%2Fv2%2Ftags&post=9749"}],"curies":[{"name":"wp","href":"https:\/\/api.w.org\/{rel}","templated":true}]}}