{"id":9746,"date":"2021-08-21T10:37:57","date_gmt":"2021-08-21T13:37:57","guid":{"rendered":"http:\/\/esreviral.com\/?p=9746"},"modified":"2021-08-21T10:37:57","modified_gmt":"2021-08-21T13:37:57","slug":"quienes-son-los-nuevos-personajes-de-la-quinta-temporada-de-la-casa-de-papel","status":"publish","type":"post","link":"https:\/\/esreviral.com\/?p=9746","title":{"rendered":"Qui\u00e9nes son los nuevos personajes de la quinta temporada de La Casa de Papel"},"content":{"rendered":"\n<p><br>El 3 de septiembre ya est\u00e1 a la vuelta de la esquina y la quinta temporada de\u00a0<strong><em>La Casa de Papel<\/em><\/strong>\u00a0es, cada d\u00eda m\u00e1s, una realidad. Por eso, desde Netflix dieron a conocer qui\u00e9nes ser\u00e1n los nuevos personajes que dar\u00e1n el presente en el fin de la exitosa serie.<\/p>\n\n\n\n<figure class=\"wp-block-image size-large\"><img decoding=\"async\" src=\"http:\/\/esreviral.com\/wp-content\/uploads\/2021\/08\/lacasadepapel-21-8-21-esreviral2-e1629552921538-1024x391.jpg\" alt=\"\" class=\"wp-image-9748\"\/><\/figure>\n\n\n\n<p>Primero se nos dar\u00e1 a conocer al hijo de Berl\u00edn,\u00a0<strong>Rafael\u00a0<\/strong>(Patrick Criado), que tiene ahora 31 a\u00f1os, estudi\u00f3 ingenier\u00eda inform\u00e1tica en el MIT de Massachusetts y tiene una cosa muy clara: no quiere ser como su padre.<\/p>\n\n\n\n<figure class=\"wp-block-embed-twitter wp-block-embed is-type-rich is-provider-twitter\"><div class=\"wp-block-embed__wrapper\">\n<blockquote class=\"twitter-tweet\" data-width=\"500\" data-dnt=\"true\"><p lang=\"es\" dir=\"ltr\">Patrick Criado es Rafael. El hijo pr\u00f3digo. The prodigal son. <a href=\"https:\/\/twitter.com\/hashtag\/LCDP5?src=hash&amp;ref_src=twsrc%5Etfw\">#LCDP5<\/a> <a href=\"https:\/\/t.co\/Rl9sJoQIKN\">pic.twitter.com\/Rl9sJoQIKN<\/a><\/p>&mdash; La casa de papel &#8211; BERL\u00cdN (@lacasadepapel) <a href=\"https:\/\/twitter.com\/lacasadepapel\/status\/1428342953576222722?ref_src=twsrc%5Etfw\">August 19, 2021<\/a><\/blockquote><script async src=\"https:\/\/platform.twitter.com\/widgets.js\" charset=\"utf-8\"><\/script>\n<\/div><\/figure>\n\n\n\n<p>\u00abMe llamo Tokio. Pero cuando comenz\u00f3 esta historia no me llamaba as\u00ed. Esta era yo\u2026 y este, el amor de mi vida. La \u00faltima vez que lo vi\u00a0lo dej\u00e9 en un charco de sangre con los ojos abiertos\u00bb, fueron las palabras con las que Tokio (\u00darsula Corber\u00f3) se introdujo cuando estaba refugiada en una caravana, hu\u00eda de la polic\u00eda y acababa de perder al amor de su vida. Ese amor es\u00a0<strong>Ren\u00e9\u00a0<\/strong>(Miguel \u00c1ngel Silvestre), el hombre con el que empez\u00f3 a atracar, con el que viaj\u00f3 y disfrut\u00f3.<\/p>\n\n\n\n<figure class=\"wp-block-embed-twitter wp-block-embed is-type-rich is-provider-twitter\"><div class=\"wp-block-embed__wrapper\">\n<blockquote class=\"twitter-tweet\" data-width=\"500\" data-dnt=\"true\"><p lang=\"ca\" dir=\"ltr\">. <a href=\"https:\/\/twitter.com\/ma_silvestre?ref_src=twsrc%5Etfw\">@ma_silvestre<\/a> es Ren\u00e9. Un fantasma del pasado. A ghost from the past.<a href=\"https:\/\/twitter.com\/hashtag\/LCDP5?src=hash&amp;ref_src=twsrc%5Etfw\">#LCDP5<\/a> <a href=\"https:\/\/t.co\/q5fFKooMZJ\">pic.twitter.com\/q5fFKooMZJ<\/a><\/p>&mdash; La casa de papel &#8211; BERL\u00cdN (@lacasadepapel) <a href=\"https:\/\/twitter.com\/lacasadepapel\/status\/1428341422734905347?ref_src=twsrc%5Etfw\">August 19, 2021<\/a><\/blockquote><script async src=\"https:\/\/platform.twitter.com\/widgets.js\" charset=\"utf-8\"><\/script>\n<\/div><\/figure>\n\n\n\n<p>Otro de los nuevos personajes que entra en juego esta temporada es\u00a0<strong>Sagasta<\/strong>\u00a0(Jos\u00e9 Manuel Seda), el comandante de las Fuerzas Especiales del Ej\u00e9rcito Espa\u00f1ol. Est\u00e1 curtido en innumerables misiones internacionales contra lo peor de la especie humana. Lo que lo sit\u00faa, precisamente, en el mismo lugar que los hombres que ha matado. \u00abEs un l\u00edder nato, al que sus hombres van a seguir hasta el final si \u00e9l se lo pide. Porque es como ellos. Cuando se pone el uniforme, se convierte en una mente anal\u00edtica, fr\u00eda y despiadada capaz de pasar por encima de cualquier convenci\u00f3n \u00e9tica o moral si la misi\u00f3n lo requiere\u00bb, afirman.<\/p>\n\n\n\n<figure class=\"wp-block-embed-twitter wp-block-embed is-type-rich is-provider-twitter\"><div class=\"wp-block-embed__wrapper\">\n<blockquote class=\"twitter-tweet\" data-width=\"500\" data-dnt=\"true\"><p lang=\"es\" dir=\"ltr\">Los refuerzos de Gandia han llegado.<br>Gandia&#39;s reinforcements have arrived.<a href=\"https:\/\/twitter.com\/hashtag\/LCDP5?src=hash&amp;ref_src=twsrc%5Etfw\">#LCDP5<\/a> <a href=\"https:\/\/t.co\/OGkUjmPXSW\">pic.twitter.com\/OGkUjmPXSW<\/a><\/p>&mdash; La casa de papel &#8211; BERL\u00cdN (@lacasadepapel) <a href=\"https:\/\/twitter.com\/lacasadepapel\/status\/1428703481393815553?ref_src=twsrc%5Etfw\">August 20, 2021<\/a><\/blockquote><script async src=\"https:\/\/platform.twitter.com\/widgets.js\" charset=\"utf-8\"><\/script>\n<\/div><\/figure>\n\n\n\n<p class=\"has-text-align-right\"><strong><em>filo.news<\/em><\/strong><\/p>\n","protected":false},"excerpt":{"rendered":"<p>Este 3 de septiembre llega la primera parte de la quinta y \u00faltima temporada de La Casa de Papel y, desde Netflix, dieron a conocer los tres nuevos personajes de la serie.<\/p>\n","protected":false},"author":2,"featured_media":9747,"comment_status":"open","ping_status":"open","sticky":false,"template":"","format":"standard","meta":{"jnews-multi-image_gallery":[],"jnews_single_post":[],"jnews_primary_category":[],"jnews_social_meta":[],"jnews_review":[],"enable_review":"","type":"","name":"","summary":"","brand":"","sku":"","good":[],"bad":[],"score_override":"","override_value":"","rating":[],"price":[],"jnews_override_counter":[],"jnews_post_split":[],"footnotes":""},"categories":[1069],"tags":[385,115],"class_list":["post-9746","post","type-post","status-publish","format-standard","has-post-thumbnail","hentry","category-cine-y-series","tag-la-casa-de-papel","tag-netflix"],"amp_enabled":true,"_links":{"self":[{"href":"https:\/\/esreviral.com\/index.php?rest_route=\/wp\/v2\/posts\/9746"}],"collection":[{"href":"https:\/\/esreviral.com\/index.php?rest_route=\/wp\/v2\/posts"}],"about":[{"href":"https:\/\/esreviral.com\/index.php?rest_route=\/wp\/v2\/types\/post"}],"author":[{"embeddable":true,"href":"https:\/\/esreviral.com\/index.php?rest_route=\/wp\/v2\/users\/2"}],"replies":[{"embeddable":true,"href":"https:\/\/esreviral.com\/index.php?rest_route=%2Fwp%2Fv2%2Fcomments&post=9746"}],"version-history":[{"count":0,"href":"https:\/\/esreviral.com\/index.php?rest_route=\/wp\/v2\/posts\/9746\/revisions"}],"wp:featuredmedia":[{"embeddable":true,"href":"https:\/\/esreviral.com\/index.php?rest_route=\/"}],"wp:attachment":[{"href":"https:\/\/esreviral.com\/index.php?rest_route=%2Fwp%2Fv2%2Fmedia&parent=9746"}],"wp:term":[{"taxonomy":"category","embeddable":true,"href":"https:\/\/esreviral.com\/index.php?rest_route=%2Fwp%2Fv2%2Fcategories&post=9746"},{"taxonomy":"post_tag","embeddable":true,"href":"https:\/\/esreviral.com\/index.php?rest_route=%2Fwp%2Fv2%2Ftags&post=9746"}],"curies":[{"name":"wp","href":"https:\/\/api.w.org\/{rel}","templated":true}]}}