{"id":9716,"date":"2021-08-20T16:41:55","date_gmt":"2021-08-20T19:41:55","guid":{"rendered":"http:\/\/esreviral.com\/?p=9716"},"modified":"2021-08-20T16:41:55","modified_gmt":"2021-08-20T19:41:55","slug":"la-federacion-venezolana-de-futbol-tiene-deudas-de-entre-5-y-6-millones-de-dolares","status":"publish","type":"post","link":"https:\/\/esreviral.com\/?p=9716","title":{"rendered":"La Federaci\u00f3n Venezolana de F\u00fatbol tiene deudas de entre 5 y 6 millones de d\u00f3lares"},"content":{"rendered":"\n<p><a rel=\"noreferrer noopener\" href=\"https:\/\/twitter.com\/FVF_Oficial\" target=\"_blank\">La Federaci\u00f3n Venezolana de F\u00fatbol<\/a>&nbsp;(FVF) tiene deudas de entre 5 y 6 millones de d\u00f3lares, admiti\u00f3 su presidente, Jorge Gim\u00e9nez, durante la rueda de prensa en la que inform\u00f3 la renuncia de&nbsp;<a rel=\"noreferrer noopener\" href=\"https:\/\/www.elnacional.com\/deportes\/jose-peseiro-renuncia-como-director-tecnico-de-la-vinotinto\/\" target=\"_blank\">Jos\u00e9 Peseiro<\/a>&nbsp;a la Vinotinto.<\/p>\n\n\n\n<p><a href=\"https:\/\/esreviral.com\/2021\/08\/20\/peseiro-renuncio-a-la-vinotinto\/\">Justamente la salida de Peseiro del equipo se debe a problemas financieros. <\/a>El entrenador portugu\u00e9s, que acaba de disputar la Copa Am\u00e9rica con un r\u00e9cord de dos empates y dos derrotas, ten\u00eda un a\u00f1o sin cobrar.<\/p>\n\n\n\n<p>\u201cEn menos de cuatro horas estamos aqu\u00ed dando la cara con ustedes, para que no haya suposiciones. Es una consecuencia de c\u00f3mo fue manejada la FVF. Nosotros tenemos que afrontar los compromisos adquiridos aunque no los hayamos acordado nosotros\u201d, expres\u00f3 Gim\u00e9nez.<\/p>\n\n\n\n<p>De hecho, el ejecutivo asegur\u00f3 que lo \u201cpoco que ha cobrado\u201d Peseiro fue gestionado por su oficina \u201cantes de llegar a la FVF\u201d.<\/p>\n\n\n\n<p>Sobre la renuncia, explic\u00f3 que recibieron<strong> una carta del entrenador para rescindir de su contrato a falta de pago.<\/strong> Trataron de convencerlo para que se quedara y \u00e9l pidi\u00f3 tiempo para analizarlo, pero luego llam\u00f3 para ratificar su decisi\u00f3n de retirarse.<\/p>\n","protected":false},"excerpt":{"rendered":"<p>La FVF tiene deudas de entre 5 y 6 millones de d\u00f3lares, admiti\u00f3 su presidente, Jorge Gim\u00e9nez.<\/p>\n","protected":false},"author":2,"featured_media":9718,"comment_status":"open","ping_status":"open","sticky":false,"template":"","format":"standard","meta":{"jnews-multi-image_gallery":[],"jnews_single_post":[],"jnews_primary_category":[],"jnews_social_meta":[],"jnews_review":[],"enable_review":"","type":"","name":"","summary":"","brand":"","sku":"","good":[],"bad":[],"score_override":"","override_value":"","rating":[],"price":[],"jnews_override_counter":[],"jnews_post_split":[],"footnotes":""},"categories":[68],"tags":[866,146,45],"class_list":["post-9716","post","type-post","status-publish","format-standard","has-post-thumbnail","hentry","category-sin-categoria","tag-fvf","tag-la-vinotinto","tag-noticias"],"_links":{"self":[{"href":"https:\/\/esreviral.com\/index.php?rest_route=\/wp\/v2\/posts\/9716","targetHints":{"allow":["GET"]}}],"collection":[{"href":"https:\/\/esreviral.com\/index.php?rest_route=\/wp\/v2\/posts"}],"about":[{"href":"https:\/\/esreviral.com\/index.php?rest_route=\/wp\/v2\/types\/post"}],"author":[{"embeddable":true,"href":"https:\/\/esreviral.com\/index.php?rest_route=\/wp\/v2\/users\/2"}],"replies":[{"embeddable":true,"href":"https:\/\/esreviral.com\/index.php?rest_route=%2Fwp%2Fv2%2Fcomments&post=9716"}],"version-history":[{"count":0,"href":"https:\/\/esreviral.com\/index.php?rest_route=\/wp\/v2\/posts\/9716\/revisions"}],"wp:featuredmedia":[{"embeddable":true,"href":"https:\/\/esreviral.com\/index.php?rest_route=\/"}],"wp:attachment":[{"href":"https:\/\/esreviral.com\/index.php?rest_route=%2Fwp%2Fv2%2Fmedia&parent=9716"}],"wp:term":[{"taxonomy":"category","embeddable":true,"href":"https:\/\/esreviral.com\/index.php?rest_route=%2Fwp%2Fv2%2Fcategories&post=9716"},{"taxonomy":"post_tag","embeddable":true,"href":"https:\/\/esreviral.com\/index.php?rest_route=%2Fwp%2Fv2%2Ftags&post=9716"}],"curies":[{"name":"wp","href":"https:\/\/api.w.org\/{rel}","templated":true}]}}