{"id":969,"date":"2020-10-26T22:34:59","date_gmt":"2020-10-26T22:34:59","guid":{"rendered":"http:\/\/esreviral.com\/?p=969"},"modified":"2020-10-26T22:34:59","modified_gmt":"2020-10-26T22:34:59","slug":"enfotos-asi-fue-la-exhumacion-de-los-restos-de-jose-gregorio-hernandez","status":"publish","type":"post","link":"https:\/\/esreviral.com\/?p=969","title":{"rendered":"#ENFOTOS as\u00ed fue la exhumaci\u00f3n de los restos de Jos\u00e9 Gregorio Hern\u00e1ndez"},"content":{"rendered":"\n<p>Este lunes 26 de octubre se realiz\u00f3 en la Iglesia de La Candelaria, en Caracas, la exhumaci\u00f3n de los restos del doctor Jos\u00e9 Gregorio Hern\u00e1ndez, proceso que fue transmitido en vivo por medios de comunicaci\u00f3n.<\/p>\n\n\n\n<p>El acto, presidido por el cardenal Baltazar Porras, se inici\u00f3 con la juramentaci\u00f3n del Tribunal Eclesi\u00e1stico, en medio de controles de bioseguridad debido a la pandemia del covid-19.<\/p>\n\n\n\n<p>Posteriormente se llev\u00f3 a cabo la apertura del sepulcro para proceder a sacar el f\u00e9retro con los restos, que fueron llevados en procesi\u00f3n hasta el altar, donde se le rindieron honores al m\u00e9dico de los pobres.<\/p>\n\n\n\n<p>Parte de las reliquias ser\u00e1n enviadas al Vaticano, en Roma, para continuar con el proceso de beatificaci\u00f3n de Jos\u00e9 Gregorio Hern\u00e1ndez.<\/p>\n\n\n\n<figure class=\"wp-block-image size-large\"><img decoding=\"async\" src=\"http:\/\/esreviral.com\/wp-content\/uploads\/2020\/10\/jose-1024x1024.jpg\" alt=\"\" class=\"wp-image-970\"\/><\/figure>\n\n\n\n<figure class=\"wp-block-image size-large\"><img decoding=\"async\" src=\"http:\/\/esreviral.com\/wp-content\/uploads\/2020\/10\/jose2-1024x576.jpg\" alt=\"\" class=\"wp-image-971\"\/><\/figure>\n\n\n\n<figure class=\"wp-block-image size-large\"><img decoding=\"async\" src=\"http:\/\/esreviral.com\/wp-content\/uploads\/2020\/10\/jose3-1024x768.jpg\" alt=\"\" class=\"wp-image-972\"\/><\/figure>\n\n\n\n<figure class=\"wp-block-image size-large\"><img decoding=\"async\" src=\"http:\/\/esreviral.com\/wp-content\/uploads\/2020\/10\/jose4-1024x576.jpg\" alt=\"\" class=\"wp-image-973\"\/><\/figure>\n\n\n\n<figure class=\"wp-block-image size-large\"><img decoding=\"async\" src=\"http:\/\/esreviral.com\/wp-content\/uploads\/2020\/10\/jose5.jpg\" alt=\"\" class=\"wp-image-974\"\/><\/figure>\n\n\n\n<figure class=\"wp-block-image size-large\"><img decoding=\"async\" src=\"http:\/\/esreviral.com\/wp-content\/uploads\/2020\/10\/jose6-1024x576.jpg\" alt=\"\" class=\"wp-image-975\"\/><\/figure>\n\n\n\n<figure class=\"wp-block-image size-large\"><img decoding=\"async\" src=\"http:\/\/esreviral.com\/wp-content\/uploads\/2020\/10\/jose7-1024x683.jpg\" alt=\"\" class=\"wp-image-976\"\/><\/figure>\n\n\n\n<figure class=\"wp-block-image size-large\"><img decoding=\"async\" src=\"http:\/\/esreviral.com\/wp-content\/uploads\/2020\/10\/jose8-1024x683.jpg\" alt=\"\" class=\"wp-image-977\"\/><\/figure>\n\n\n\n<p class=\"has-text-align-right\"><strong>El Nacional.-<\/strong><\/p>\n","protected":false},"excerpt":{"rendered":"<p>Parte de las reliquias ser\u00e1n enviadas al Vaticano para continuar con el proceso de beatificaci\u00f3n del m\u00e9dico venezolano<\/p>\n","protected":false},"author":2,"featured_media":978,"comment_status":"open","ping_status":"open","sticky":false,"template":"","format":"standard","meta":{"jnews-multi-image_gallery":[],"jnews_single_post":[],"jnews_primary_category":[],"jnews_social_meta":[],"jnews_review":[],"enable_review":"","type":"","name":"","summary":"","brand":"","sku":"","good":[],"bad":[],"score_override":"","override_value":"","rating":[],"price":[],"jnews_override_counter":[],"jnews_post_split":[],"footnotes":""},"categories":[66],"tags":[153,45,56],"class_list":["post-969","post","type-post","status-publish","format-standard","has-post-thumbnail","hentry","category-venezuela","tag-jose-gregorio-hernandez","tag-noticias","tag-venezuela"],"amp_enabled":true,"_links":{"self":[{"href":"https:\/\/esreviral.com\/index.php?rest_route=\/wp\/v2\/posts\/969"}],"collection":[{"href":"https:\/\/esreviral.com\/index.php?rest_route=\/wp\/v2\/posts"}],"about":[{"href":"https:\/\/esreviral.com\/index.php?rest_route=\/wp\/v2\/types\/post"}],"author":[{"embeddable":true,"href":"https:\/\/esreviral.com\/index.php?rest_route=\/wp\/v2\/users\/2"}],"replies":[{"embeddable":true,"href":"https:\/\/esreviral.com\/index.php?rest_route=%2Fwp%2Fv2%2Fcomments&post=969"}],"version-history":[{"count":0,"href":"https:\/\/esreviral.com\/index.php?rest_route=\/wp\/v2\/posts\/969\/revisions"}],"wp:featuredmedia":[{"embeddable":true,"href":"https:\/\/esreviral.com\/index.php?rest_route=\/"}],"wp:attachment":[{"href":"https:\/\/esreviral.com\/index.php?rest_route=%2Fwp%2Fv2%2Fmedia&parent=969"}],"wp:term":[{"taxonomy":"category","embeddable":true,"href":"https:\/\/esreviral.com\/index.php?rest_route=%2Fwp%2Fv2%2Fcategories&post=969"},{"taxonomy":"post_tag","embeddable":true,"href":"https:\/\/esreviral.com\/index.php?rest_route=%2Fwp%2Fv2%2Ftags&post=969"}],"curies":[{"name":"wp","href":"https:\/\/api.w.org\/{rel}","templated":true}]}}