{"id":9679,"date":"2021-08-20T07:06:41","date_gmt":"2021-08-20T10:06:41","guid":{"rendered":"http:\/\/esreviral.com\/?p=9679"},"modified":"2021-08-20T07:06:41","modified_gmt":"2021-08-20T10:06:41","slug":"afganistan-talibanes-reprimen-manifestaciones-en-varios-puntos-del-pais","status":"publish","type":"post","link":"https:\/\/esreviral.com\/?p=9679","title":{"rendered":"Afganist\u00e1n: Talibanes reprimen manifestaciones en varios puntos del pa\u00eds"},"content":{"rendered":"\n<p><br>En las \u00faltimas horas y en un clima de incertidumbre generalizada,<strong>&nbsp;manifestantes afganos desafiaron en distintos puntos del pa\u00eds al r\u00e9gimen talib\u00e1n, actividad que fue fuertemente reprimida por integrantes de la milicia radical que enfrenta crecientes desaf\u00edos a su Gobierno.<\/strong><\/p>\n\n\n\n<p>En Asadabad, capital de la provincia oriental de Kunar, los talibanes abrieron fuego contra grupos que marchaban ondeando la tradicional bandera negra, roja y verde, reemplazada por otra blanca con inscripciones de la fe isl\u00e1mica.<\/p>\n\n\n\n<p>Reportando desde el lugar de los hechos, dos testigos citados por la red Al Jazeera dijeron que dos personas resultaron muertas por la represi\u00f3n en esa ciudad, pero este dato no fue confirmado por ninguna fuente oficial e incluso otras versiones hablaron de tres v\u00edctimas fatales.<\/p>\n\n\n\n<figure class=\"wp-block-image size-large\"><img decoding=\"async\" src=\"http:\/\/esreviral.com\/wp-content\/uploads\/2021\/08\/afganistan2-20-8-21-esreviral-e1629453737772.jpg\" alt=\"\" class=\"wp-image-9680\"\/><\/figure>\n\n\n\n<p>Un episodio similar se vivi\u00f3 en la ciudad de Jalalabad, capital de la provincia de Nangarhar, donde los disparos talibanes hirieron a dos personas que celebraban el fin al dominio brit\u00e1nico portando lienzos con la inscripci\u00f3n \u00abNuestra bandera es nuestra identidad\u00bb.<\/p>\n\n\n\n<p>En este sentido,\u00a0<strong>un funcionario de las Naciones Unidas se pronunci\u00f3 sobre la grave escasez de alimentos en esta Naci\u00f3n de 38 millones de personas y destac\u00f3 que los talibanes enfrentan los mismos problemas que el Gobierno civil al que desplazaron sin el nivel de ayuda internacional que ten\u00eda.<\/strong><\/p>\n\n\n\n<p>Este punto marca un nuevo desaf\u00edo para el nuevo pol\u00edtico y militar afgano, que busca reprimir de inmediato cualquier disidencia, pese a sus promesas de moderaci\u00f3n desde la \u00faltima vez que impusieron un Gobierno draconiano en Afganist\u00e1n.<\/p>\n\n\n\n<p>En Kabul, en tanto, una enorme caravana de autom\u00f3viles y personas cerca del aeropuerto portaban pancartas tricolor, que se est\u00e1 convirtiendo en un s\u00edmbolo de desaf\u00edo a los talib\u00e1n. No obstante, muchos de los all\u00ed presentes fueron disuadidos por los talibanes quienes dispararon al aire como se\u00f1al de amenaza.<\/p>\n\n\n\n<figure class=\"wp-block-image size-large\"><img decoding=\"async\" src=\"https:\/\/esreviral.com\/wp-content\/uploads\/2021\/08\/afganistan3-20-8-21-esreviral-1024x683.jpg\" alt=\"\" class=\"wp-image-9681\"\/><\/figure>\n\n\n\n<p>En la provincia de Khost, en el monta\u00f1oso sureste, las autoridades isl\u00e1micas instituyeron un toque de queda de 24 horas tras disolver violentamente otra protesta.<\/p>\n\n\n\n<p>Mientras tanto, figuras de la oposici\u00f3n reunidas en Panjshir, la \u00faltima zona del pa\u00eds que no est\u00e1 bajo el Gobierno de los talibanes, hablaron de lanzar una resistencia armada bajo la bandera de la Alianza del Norte, que se ali\u00f3 con Estados Unidos durante la invasi\u00f3n de 2001.<\/p>\n\n\n\n<p>Hasta ahora, los talibanes no ofrecieron detalles sobre c\u00f3mo liderar\u00e1n, aparte de decir que se guiar\u00e1n por la sharia (ley isl\u00e1mica) y solo se sabe que est\u00e1n en conversaciones con importantes funcionarios de Gobiernos afganos anteriores.<\/p>\n\n\n\n<p class=\"has-text-align-right\"><strong><em>filo.news<\/em><\/strong><\/p>\n","protected":false},"excerpt":{"rendered":"<p>En Asadabad, capital de la provincia oriental de Kunar, los insurgentes abrieron fuego contra grupos que marchaban ondeando la tradicional bandera negra, roja y verde, reemplazada por otra blanca con inscripciones de la fe isl\u00e1mica.<\/p>\n","protected":false},"author":2,"featured_media":9682,"comment_status":"open","ping_status":"open","sticky":false,"template":"","format":"standard","meta":{"jnews-multi-image_gallery":[],"jnews_single_post":[],"jnews_primary_category":[],"jnews_social_meta":[],"jnews_review":[],"enable_review":"","type":"","name":"","summary":"","brand":"","sku":"","good":[],"bad":[],"score_override":"","override_value":"","rating":[],"price":[],"jnews_override_counter":[],"jnews_post_split":[],"footnotes":""},"categories":[88],"tags":[1070],"class_list":["post-9679","post","type-post","status-publish","format-standard","has-post-thumbnail","hentry","category-internacionales","tag-afganistan"],"_links":{"self":[{"href":"https:\/\/esreviral.com\/index.php?rest_route=\/wp\/v2\/posts\/9679","targetHints":{"allow":["GET"]}}],"collection":[{"href":"https:\/\/esreviral.com\/index.php?rest_route=\/wp\/v2\/posts"}],"about":[{"href":"https:\/\/esreviral.com\/index.php?rest_route=\/wp\/v2\/types\/post"}],"author":[{"embeddable":true,"href":"https:\/\/esreviral.com\/index.php?rest_route=\/wp\/v2\/users\/2"}],"replies":[{"embeddable":true,"href":"https:\/\/esreviral.com\/index.php?rest_route=%2Fwp%2Fv2%2Fcomments&post=9679"}],"version-history":[{"count":0,"href":"https:\/\/esreviral.com\/index.php?rest_route=\/wp\/v2\/posts\/9679\/revisions"}],"wp:featuredmedia":[{"embeddable":true,"href":"https:\/\/esreviral.com\/index.php?rest_route=\/"}],"wp:attachment":[{"href":"https:\/\/esreviral.com\/index.php?rest_route=%2Fwp%2Fv2%2Fmedia&parent=9679"}],"wp:term":[{"taxonomy":"category","embeddable":true,"href":"https:\/\/esreviral.com\/index.php?rest_route=%2Fwp%2Fv2%2Fcategories&post=9679"},{"taxonomy":"post_tag","embeddable":true,"href":"https:\/\/esreviral.com\/index.php?rest_route=%2Fwp%2Fv2%2Ftags&post=9679"}],"curies":[{"name":"wp","href":"https:\/\/api.w.org\/{rel}","templated":true}]}}