{"id":9632,"date":"2021-08-19T07:28:09","date_gmt":"2021-08-19T10:28:09","guid":{"rendered":"http:\/\/esreviral.com\/?p=9632"},"modified":"2021-08-19T07:28:09","modified_gmt":"2021-08-19T10:28:09","slug":"batiendo-rating-daniel-elbittar-llega-como-el-tercero-en-discordia-en-la-desalmada","status":"publish","type":"post","link":"https:\/\/esreviral.com\/?p=9632","title":{"rendered":"\u00a1Batiendo Rating! Daniel Elbittar llega como el tercero en discordia en \u2018La Desalmada\u2019"},"content":{"rendered":"\n<p>El actor y cantante venezolano&nbsp;<strong>Daniel Elbittar<\/strong>&nbsp;encarna un rol de villanocomo pocos, desde que se desempe\u00f1a como el antagonista de la nueva historia que Televisa&nbsp;lleva a la pantalla chica,&nbsp;<strong>\u00abLa Desalmada\u00bb<\/strong>, protagonizada por&nbsp;<strong>Jos\u00e9 Ron y Livia Brito.&nbsp;<\/strong>&nbsp;Lo m\u00e1s visto en la televisi\u00f3n abierta en M\u00e9xico.&nbsp;<\/p>\n\n\n\n<figure class=\"wp-block-image size-large\"><img decoding=\"async\" src=\"https:\/\/esreviral.com\/wp-content\/uploads\/2021\/08\/daniel2-19-8-21-esreviral-1024x1024.png\" alt=\"\" class=\"wp-image-9634\"\/><\/figure>\n\n\n\n<p>Para el histri\u00f3n, se trata de un sue\u00f1o hecho realidad ya que trabaja con el productor\u00a0<strong>Jos\u00e9 \u00abEl G\u00fcero\u00bb Castro<\/strong>, a quien considera un genio de las telenovelas.\u00a0Se trata de la primera vez en veinte a\u00f1os de carrera art\u00edstica en teatro, cine y televisi\u00f3n, adem\u00e1s de desempe\u00f1arse como cantante; que Elbittar firma un contrato con Televisa<strong>,<\/strong>\u00a0ya que parte de la carrera que desarroll\u00f3 en M\u00e9xico lo hizo con TV Azteca. Y es que, luego de muchos a\u00f1os de haber llegado a ese pa\u00eds y sentirlo como su segundo hogar, el actor est\u00e1 agradecido por las infinitas oportunidades que ha tenido a nivel profesional desde el a\u00f1o 2007.<\/p>\n\n\n\n<figure class=\"wp-block-embed-twitter wp-block-embed is-type-rich is-provider-twitter\"><div class=\"wp-block-embed__wrapper\">\n<blockquote class=\"twitter-tweet\" data-width=\"500\" data-dnt=\"true\"><p lang=\"es\" dir=\"ltr\">C\u00e9sar Franco ha llegado a <a href=\"https:\/\/twitter.com\/hashtag\/LaDesalmada?src=hash&amp;ref_src=twsrc%5Etfw\">#LaDesalmada<\/a> y su presencia levantar\u00e1 muchas dudas. \u00bfQu\u00e9 crees que est\u00e1 buscando? <a href=\"https:\/\/t.co\/Dke89DqkwH\">pic.twitter.com\/Dke89DqkwH<\/a><\/p>&mdash; La Desalmada (@LaDesalmadaTV) <a href=\"https:\/\/twitter.com\/LaDesalmadaTV\/status\/1427415572619448322?ref_src=twsrc%5Etfw\">August 16, 2021<\/a><\/blockquote><script async src=\"https:\/\/platform.twitter.com\/widgets.js\" charset=\"utf-8\"><\/script>\n<\/div><\/figure>\n\n\n\n<p>Daniel ya ha adelantado en sus redes sociales lo que viene con su nuevo rol de villano de la telenovela que se filma en M\u00e9xico y en la que tambi\u00e9n cuenta con&nbsp;Eduardo Santamarina&nbsp;como compa\u00f1ero&nbsp;de elenco.<\/p>\n\n\n\n<p>En La desalmada da vida a\u00a0<strong>\u00abC\u00e9sar Franco\u00bb<\/strong>, es un hombre lleno de muchos rencores\u00a0tras el asesinato de su hija y el fallecimiento de su esposa. Al salir de la c\u00e1rcel va en b\u00fasqueda de venganza, sin imaginar que encontrar\u00e1 el amor en \u00abFernanda\u00bb (Livia Brito), y es all\u00ed donde el actor asegura que \u00abse empieza a complicar todo\u00bb.\u00a0<\/p>\n\n\n\n<figure class=\"wp-block-embed-twitter wp-block-embed is-type-rich is-provider-twitter\"><div class=\"wp-block-embed__wrapper\">\n<blockquote class=\"twitter-tweet\" data-width=\"500\" data-dnt=\"true\"><p lang=\"es\" dir=\"ltr\">\u00bfQu\u00e9 estar\u00e1 buscando C\u00e9sar en El Primor? <a href=\"https:\/\/twitter.com\/hashtag\/LaDesalmada?src=hash&amp;ref_src=twsrc%5Etfw\">#LaDesalmada<\/a> <a href=\"https:\/\/t.co\/eXBNJFXCBm\">https:\/\/t.co\/eXBNJFXCBm<\/a><\/p>&mdash; La Desalmada (@LaDesalmadaTV) <a href=\"https:\/\/twitter.com\/LaDesalmadaTV\/status\/1427336860985139201?ref_src=twsrc%5Etfw\">August 16, 2021<\/a><\/blockquote><script async src=\"https:\/\/platform.twitter.com\/widgets.js\" charset=\"utf-8\"><\/script>\n<\/div><\/figure>\n\n\n\n<p><em>\u00abLa historia de amor entre los personajes protagonistas de&nbsp;<strong>\u00abLa Desalmada\u00bb<\/strong>, interpretados por&nbsp;<strong>Livia Brito y Jos\u00e9 Ron<\/strong>, encontrar\u00e1n un nuevo obst\u00e1culo con la llegada de mi personaje&nbsp;\u201cC\u00e9sar Franco\u201d quien formar\u00e1 parte de este tri\u00e1ngulo amoroso. Estoy feliz de tener un personaje con tantas emociones y acci\u00f3n. Tambien estoy muy agradecido con&nbsp;<strong>El G\u00fcero&nbsp;<\/strong>Castro y Televisa por esta oportunidad que me brindaron\u00bb,<\/em>&nbsp;dijo Elbittar.<\/p>\n\n\n\n<p>El gal\u00e1n llega al melodrama con la idea de quedarse con el amor de \u201cFernanda\u201d (Livia Brito), una mujer sedienta de justicia tras ver el asesinato de su esposo y ser atacada la misma noche de su boda. En medio de sus planes, se encuentra con \u00abRafael Toscano\u00bb (Jos\u00e9 Ron), el hijo de su mayor enemigo, y quien pondr\u00e1 a prueba sus sentimientos. Elbittar da&nbsp;vida a un personaje lleno de rencores. Muchas de sus escenas estar\u00e1n llenas de rabia y enfrentamientos con \u00abRafael\u00bb, interpretado por Ron.&nbsp;<\/p>\n\n\n\n<p><strong>\u00abLa Desalmada\u00bb<\/strong>\u00a0es una de las grandes apuestas de Televisa para este 2021. En\u00a0<strong>Estados Unidos estrena el 23 de agosto por Univision, a las 10PM \/ 9c<\/strong>\u00a0El proyecto ha recibido muy buenos comentarios de la audiencia que sigue la trama basada en la historia colombiana \u00abLa dama de Troya\u00bb. Entre los villanos tambi\u00e9n se suman la venezolana Marjorie de Sousa, Eduardo Santamarina y Kimberly Dos Ramos.<\/p>\n\n\n\n<figure class=\"wp-block-embed-twitter wp-block-embed is-type-rich is-provider-twitter\"><div class=\"wp-block-embed__wrapper\">\n<blockquote class=\"twitter-tweet\" data-width=\"500\" data-dnt=\"true\"><p lang=\"es\" dir=\"ltr\">Al parecer, C\u00e9sar y Fernanda tienen varias cosas en com\u00fan. \u00bfCrees que logren hacer una alianza? <a href=\"https:\/\/twitter.com\/hashtag\/LaDesalmada?src=hash&amp;ref_src=twsrc%5Etfw\">#LaDesalmada<\/a> de lunes a viernes, 9:30 p. m. MEX <a href=\"https:\/\/twitter.com\/hashtag\/ConLasEstrellas?src=hash&amp;ref_src=twsrc%5Etfw\">#ConLasEstrellas<\/a> <a href=\"https:\/\/t.co\/AZY15XpEdO\">pic.twitter.com\/AZY15XpEdO<\/a><\/p>&mdash; La Desalmada (@LaDesalmadaTV) <a href=\"https:\/\/twitter.com\/LaDesalmadaTV\/status\/1428076733920653315?ref_src=twsrc%5Etfw\">August 18, 2021<\/a><\/blockquote><script async src=\"https:\/\/platform.twitter.com\/widgets.js\" charset=\"utf-8\"><\/script>\n<\/div><\/figure>\n\n\n\n<p>Fuera de su natal Venezuela, Daniel alcanz\u00f3 la fama, no solo en las pantallas sino en el teatro. En M\u00e9xico particip\u00f3 en \u201cMentiras, el musical\u201d, donde dio vida al personaje de \u00abEmmanuel Mijares\u00bb.<\/p>\n\n\n\n<p>Otra de sus grandes pasiones es&nbsp;la m\u00fasica por lo que cuenta con varias producciones e interpretado temas de telenovelas como \u00abQuiero decirte\u00bb y \u00abAll\u00ed estar\u00e9\u00bb de la telenovela \u00abSiempre tuya Acapulco\u00bb, que protagoniz\u00f3 junto a Melissa Barrera.<\/p>\n\n\n\n<p>Pr\u00f3ximamente lanzar\u00e1 su nuevo material musical. Despu\u00e9s de tener grandes \u00e9xitos como, \u00ab\u00bfQu\u00e9 es el amor?\u00bb, \u00abEstoy vivo\u00bb, \u00abPor amor no se ruega\u00bb, entre otros grandes. A lo largo de estos 20 a\u00f1os de carrera art\u00edstica no solo ha lanzado varios \u00e9xitos musicales en solitario, sino que se ha destacado por sus duetos con artistas como Samo, Ex Kalimba; Alcover, el venezolano V\u00edctor Mu\u00f1oz y Chino y Nacho.<\/p>\n\n\n\n<p>En 2018, y tras enfocarse en varios proyectos en la pantalla, el gal\u00e1n anuncio su regreso a la m\u00fasica adem\u00e1s en el g\u00e9nero regional mexicano. Entonces present\u00f3 el tema \u00ab\u00bfQu\u00e9 es el amor?\u00bb, tras una colaboraci\u00f3n con Espinoza Paz y el cantautor venezolano Nacho.<\/p>\n\n\n\n<p class=\"has-text-align-right\"><em><strong>L\u00edderes latinos<\/strong><\/em><\/p>\n","protected":false},"excerpt":{"rendered":"<p>El actor y cantante forma parte del tri\u00e1ngulo amoroso, con el papel del villano &#8216;C\u00e9sar Franco&#8217;, donde le har\u00e1 la vida de cuadritos a Eduardo Santamarina y Jos\u00e9 Ron; y luchar&#8217;a por el amor de Livia Brito. <\/p>\n","protected":false},"author":2,"featured_media":9633,"comment_status":"open","ping_status":"open","sticky":false,"template":"","format":"standard","meta":{"jnews-multi-image_gallery":[],"jnews_single_post":[],"jnews_primary_category":[],"jnews_social_meta":[],"jnews_review":[],"enable_review":"","type":"","name":"","summary":"","brand":"","sku":"","good":[],"bad":[],"score_override":"","override_value":"","rating":[],"price":[],"jnews_override_counter":[],"jnews_post_split":[],"footnotes":""},"categories":[50],"tags":[1085],"class_list":["post-9632","post","type-post","status-publish","format-standard","has-post-thumbnail","hentry","category-entretenimiento","tag-daniel-elbittar"],"amp_enabled":true,"_links":{"self":[{"href":"https:\/\/esreviral.com\/index.php?rest_route=\/wp\/v2\/posts\/9632"}],"collection":[{"href":"https:\/\/esreviral.com\/index.php?rest_route=\/wp\/v2\/posts"}],"about":[{"href":"https:\/\/esreviral.com\/index.php?rest_route=\/wp\/v2\/types\/post"}],"author":[{"embeddable":true,"href":"https:\/\/esreviral.com\/index.php?rest_route=\/wp\/v2\/users\/2"}],"replies":[{"embeddable":true,"href":"https:\/\/esreviral.com\/index.php?rest_route=%2Fwp%2Fv2%2Fcomments&post=9632"}],"version-history":[{"count":0,"href":"https:\/\/esreviral.com\/index.php?rest_route=\/wp\/v2\/posts\/9632\/revisions"}],"wp:featuredmedia":[{"embeddable":true,"href":"https:\/\/esreviral.com\/index.php?rest_route=\/"}],"wp:attachment":[{"href":"https:\/\/esreviral.com\/index.php?rest_route=%2Fwp%2Fv2%2Fmedia&parent=9632"}],"wp:term":[{"taxonomy":"category","embeddable":true,"href":"https:\/\/esreviral.com\/index.php?rest_route=%2Fwp%2Fv2%2Fcategories&post=9632"},{"taxonomy":"post_tag","embeddable":true,"href":"https:\/\/esreviral.com\/index.php?rest_route=%2Fwp%2Fv2%2Ftags&post=9632"}],"curies":[{"name":"wp","href":"https:\/\/api.w.org\/{rel}","templated":true}]}}