{"id":9629,"date":"2021-08-19T07:19:53","date_gmt":"2021-08-19T10:19:53","guid":{"rendered":"http:\/\/esreviral.com\/?p=9629"},"modified":"2021-08-19T07:19:53","modified_gmt":"2021-08-19T10:19:53","slug":"afganistan-ya-no-quedan-argentinos-en-kabul","status":"publish","type":"post","link":"https:\/\/esreviral.com\/?p=9629","title":{"rendered":"AFGANIST\u00c1N: YA NO QUEDAN ARGENTINOS EN KABUL"},"content":{"rendered":"\n<p>Luego de un intenso trabajo de la Canciller\u00eda que conduce Felipe Sol\u00e1, en coordinaci\u00f3n con la embajada de nuestro pa\u00eds en Pakist\u00e1n \u2013que lleva los temas bilaterales de la Argentina con Afganist\u00e1n-\u00a0\u00a0la pareja de compatriotas que trabaja para una ONG europea parti\u00f3 hoy rumbo a Uzbekist\u00e1n, y su destino final es Alemania.<\/p>\n\n\n\n<p>Por otra parte, est\u00e1 partiendo en estos momentos desde el aeropuerto de Kabul el argentino que es funcionario de la ONU, rumbo a Kasajist\u00e1n.&nbsp;&nbsp;Ayer, en un trabajo conjunto y articulado con Itamaraty, sede de la Canciller\u00eda del Brasil, el piloto argentino que trabaja para una ONG parti\u00f3 junto a su familia brasile\u00f1a tambi\u00e9n rumbo a Uzbekist\u00e1n.<\/p>\n\n\n\n<p>En todo momento, desde que se iniciaron los hechos, los ciudadanos argentinos mantuvieron permanente contacto con la representaci\u00f3n argentina en Pakist\u00e1n, a cargo del embajador<\/p>\n\n\n\n<p>Leopoldo Sahores. De esta manera, la Canciller\u00eda argentina sigue atenta y muy de cerca la situaci\u00f3n en Afganist\u00e1n y su desarrollo.<\/p>\n\n\n\n<p class=\"has-text-align-right\"><em><strong>Direcci\u00f3n de Prensa y Difusi\u00f3n<\/strong><br><strong>Ministerio de Relaciones Exteriores &#8211; Argentina<\/strong><\/em><\/p>\n","protected":false},"excerpt":{"rendered":"<p>La Canciller\u00eda argentina informa que ya no quedan ciudadanos argentinos en la ciudad de Kabul, Afganist\u00e1n, ya que todos, en buenas condiciones an\u00edmicas y f\u00edsicas, han podido abordar sus vuelos rumbo a diferentes pa\u00edses de la regi\u00f3n y de Europa.<\/p>\n","protected":false},"author":2,"featured_media":9630,"comment_status":"open","ping_status":"open","sticky":false,"template":"","format":"standard","meta":{"jnews-multi-image_gallery":[],"jnews_single_post":[],"jnews_primary_category":[],"jnews_social_meta":[],"jnews_review":[],"enable_review":"","type":"","name":"","summary":"","brand":"","sku":"","good":[],"bad":[],"score_override":"","override_value":"","rating":[],"price":[],"jnews_override_counter":[],"jnews_post_split":[],"footnotes":""},"categories":[88],"tags":[1070],"class_list":["post-9629","post","type-post","status-publish","format-standard","has-post-thumbnail","hentry","category-internacionales","tag-afganistan"],"amp_enabled":true,"_links":{"self":[{"href":"https:\/\/esreviral.com\/index.php?rest_route=\/wp\/v2\/posts\/9629"}],"collection":[{"href":"https:\/\/esreviral.com\/index.php?rest_route=\/wp\/v2\/posts"}],"about":[{"href":"https:\/\/esreviral.com\/index.php?rest_route=\/wp\/v2\/types\/post"}],"author":[{"embeddable":true,"href":"https:\/\/esreviral.com\/index.php?rest_route=\/wp\/v2\/users\/2"}],"replies":[{"embeddable":true,"href":"https:\/\/esreviral.com\/index.php?rest_route=%2Fwp%2Fv2%2Fcomments&post=9629"}],"version-history":[{"count":0,"href":"https:\/\/esreviral.com\/index.php?rest_route=\/wp\/v2\/posts\/9629\/revisions"}],"wp:featuredmedia":[{"embeddable":true,"href":"https:\/\/esreviral.com\/index.php?rest_route=\/"}],"wp:attachment":[{"href":"https:\/\/esreviral.com\/index.php?rest_route=%2Fwp%2Fv2%2Fmedia&parent=9629"}],"wp:term":[{"taxonomy":"category","embeddable":true,"href":"https:\/\/esreviral.com\/index.php?rest_route=%2Fwp%2Fv2%2Fcategories&post=9629"},{"taxonomy":"post_tag","embeddable":true,"href":"https:\/\/esreviral.com\/index.php?rest_route=%2Fwp%2Fv2%2Ftags&post=9629"}],"curies":[{"name":"wp","href":"https:\/\/api.w.org\/{rel}","templated":true}]}}