{"id":9602,"date":"2021-08-18T17:49:20","date_gmt":"2021-08-18T20:49:20","guid":{"rendered":"http:\/\/esreviral.com\/?p=9602"},"modified":"2021-08-18T17:49:20","modified_gmt":"2021-08-18T20:49:20","slug":"alerta-en-ciudad-de-buenos-aires-por-la-deteccion-de-5-casos-de-la-variante-delta","status":"publish","type":"post","link":"https:\/\/esreviral.com\/?p=9602","title":{"rendered":"Alerta en Ciudad de Buenos Aires por la detecci\u00f3n de 5 casos de la variante Delta"},"content":{"rendered":"\n<p>Cinco casos de personas que residen en la Ciudad de Buenos Aires fueron identificados con la variante Delta de coronavirus sin que se haya podido establecer nexo epidemiol\u00f3gicos con ning\u00fan viajero, indic\u00f3 un informe difundido por el Ministerio de Salud.<\/p>\n\n\n\n<p>\u00abHasta el viernes 13 de agosto, en Argentina han sido identificados 130 casos de variante Delta de SARS-CoV-2 confirmados por laboratorio, de los cuales 125 corresponden a casos importados o relacionados con la importaci\u00f3n (100 a viajeros internacionales y 25 a personas relacionadas con dichos viajeros -contactos estrechos o contactos de sus contactos); y 5 casos no relacionados a la importaci\u00f3n (residentes en la Ciudad de Buenos Aires)\u00bb, indic\u00f3 el documento.<\/p>\n\n\n\n<p>Seg\u00fan este informe t\u00e9cnico sobre la vigilancia de las nuevas variantes, de estos cinco casos\u00a0<strong>\u00abcuatro de ellos no tienen relaci\u00f3n entre s\u00ed, no presentan antecedentes de viaje ni se ha podido establecer un nexo con un viajero internacional y 1 corresponde a un caso asociado con uno de ellos y que fue identificado como producto de la investigaci\u00f3n epidemiol\u00f3gica\u00bb<\/strong>.<\/p>\n\n\n\n<p><strong><span style=\"background-color:#9a1b22\" class=\"td_text_highlight_marker\">En las \u00faltimas 24 horas<\/span><\/strong><\/p>\n\n\n\n<p>En las \u00faltimas 24 horas el ministerio de salud inform\u00f3 que hubo 247 nuevos fallecidos por covid-19 para un total de 109.652 y 9764 nuevos contagiados con lo que ya suman 5.106.207.<\/p>\n\n\n\n<p>Lea tambi\u00e9n:<a href=\"https:\/\/esreviral.com\/2021\/08\/18\/esta-semana-llegan-al-pais-mas-de-2-3-millones-de-dosis-de-la-vacuna-de-sinopharm\/\"> ESTA SEMANA LLEGAN AL PA\u00cdS M\u00c1S DE 2.3 MILLONES DE DOSIS DE LA VACUNA DE SINOPHARM<\/a><\/p>\n","protected":false},"excerpt":{"rendered":"<p>En las \u00faltimas 24 horas el ministerio de salud inform\u00f3 que hubo 247 nuevos fallecidos por covid-19 para un total de 109.652 y 9764 nuevos contagiados con lo que ya suman 5.106.207<\/p>\n","protected":false},"author":2,"featured_media":9603,"comment_status":"open","ping_status":"open","sticky":false,"template":"","format":"standard","meta":{"jnews-multi-image_gallery":[],"jnews_single_post":[],"jnews_primary_category":[],"jnews_social_meta":[],"jnews_review":[],"enable_review":"","type":"","name":"","summary":"","brand":"","sku":"","good":[],"bad":[],"score_override":"","override_value":"","rating":[],"price":[],"jnews_override_counter":[],"jnews_post_split":[],"footnotes":""},"categories":[76],"tags":[44,77,45],"class_list":["post-9602","post","type-post","status-publish","format-standard","has-post-thumbnail","hentry","category-coronavirus","tag-argentina","tag-coronavirus","tag-noticias"],"amp_enabled":true,"_links":{"self":[{"href":"https:\/\/esreviral.com\/index.php?rest_route=\/wp\/v2\/posts\/9602"}],"collection":[{"href":"https:\/\/esreviral.com\/index.php?rest_route=\/wp\/v2\/posts"}],"about":[{"href":"https:\/\/esreviral.com\/index.php?rest_route=\/wp\/v2\/types\/post"}],"author":[{"embeddable":true,"href":"https:\/\/esreviral.com\/index.php?rest_route=\/wp\/v2\/users\/2"}],"replies":[{"embeddable":true,"href":"https:\/\/esreviral.com\/index.php?rest_route=%2Fwp%2Fv2%2Fcomments&post=9602"}],"version-history":[{"count":0,"href":"https:\/\/esreviral.com\/index.php?rest_route=\/wp\/v2\/posts\/9602\/revisions"}],"wp:featuredmedia":[{"embeddable":true,"href":"https:\/\/esreviral.com\/index.php?rest_route=\/"}],"wp:attachment":[{"href":"https:\/\/esreviral.com\/index.php?rest_route=%2Fwp%2Fv2%2Fmedia&parent=9602"}],"wp:term":[{"taxonomy":"category","embeddable":true,"href":"https:\/\/esreviral.com\/index.php?rest_route=%2Fwp%2Fv2%2Fcategories&post=9602"},{"taxonomy":"post_tag","embeddable":true,"href":"https:\/\/esreviral.com\/index.php?rest_route=%2Fwp%2Fv2%2Ftags&post=9602"}],"curies":[{"name":"wp","href":"https:\/\/api.w.org\/{rel}","templated":true}]}}