{"id":9594,"date":"2021-08-18T16:38:36","date_gmt":"2021-08-18T19:38:36","guid":{"rendered":"http:\/\/esreviral.com\/?p=9594"},"modified":"2021-08-18T16:38:36","modified_gmt":"2021-08-18T19:38:36","slug":"detuvieron-a-un-profesor-de-musica-acusado-de-violar-a-seis-ninos-en-un-kinder-video","status":"publish","type":"post","link":"https:\/\/esreviral.com\/?p=9594","title":{"rendered":"Detuvieron a un profesor de m\u00fasica acusado de violar a seis ni\u00f1os en un kinder (+VIDEO)"},"content":{"rendered":"\n<p>La comunidad educativa de\u00a0un\u00a0<strong>jard\u00edn de infantes<\/strong>\u00a0en\u00a0la localidad bonaerense de\u00a0<strong>Victoria<\/strong>\u00a0est\u00e1 conmocionada al conocerse\u00a0<strong>las denuncias contra un profesor de m\u00fasica<\/strong>\u00a0por\u00a0<strong>abusar sexualmente de, al menos, tres nenes y tres nenas de 3, 4 y 5 a\u00f1os<\/strong> de edad. El acusado, Dar\u00edo Castelo, de 41 a\u00f1os de edad, se hab\u00eda fugado, pero la Polic\u00eda lo detuvo en las \u00faltimas horas y est\u00e1 en la comisar\u00eda tercera.<\/p>\n\n\n\n<p>El aberrante caso, dado a conocer este mi\u00e9rcoles, ocurri\u00f3 a comienzos de la semana pasada con una de las alumnas del jard\u00edn de infantes San Jos\u00e9, que pertenece al Instituto Don Orione, en esa localidad del partido de\u00a0San Fernando, en la zona norte de la provincia de Buenos Aires.<\/p>\n\n\n\n<figure class=\"wp-block-image size-large is-resized\"><img fetchpriority=\"high\" decoding=\"async\" src=\"https:\/\/esreviral.com\/wp-content\/uploads\/2021\/08\/E9FGe7bXMAEX13_.jpeg\" alt=\"\" class=\"wp-image-9596\" width=\"614\" height=\"483\"\/><figcaption>Dar\u00edo Castelo, de 41 a\u00f1os de edad, profesor de m\u00fasica y acusado de abusar sexualmente de al menos, seis ni\u00f1os<\/figcaption><\/figure>\n\n\n\n<p>Una de las madres radic\u00f3 la primera denuncia en la Comisar\u00eda 3\u00b0 de Victoria tras percatarse que&nbsp;<strong>su&nbsp;hija, de 4 a\u00f1os, ten\u00eda la zona genital irritada<\/strong>, por lo que la llev\u00f3 a su m\u00e9dico pediatra. All\u00ed constat\u00f3&nbsp;que la nena fue abusada y ella le habr\u00eda contado que el responsable era su profesor de m\u00fasica.<\/p>\n\n\n\n<p>De inmediato, la familia difundi\u00f3\u00a0la noticia a trav\u00e9s de grupos de WhatsApp entre los padres y madres, lo que sac\u00f3 a la luz\u00a0otros casos similares.\u00a0<strong>Hasta el momento, al menos 3 nenes y 3 nenas, de las salas de 3, 4 y 5 a\u00f1os, aseguraron haber sido v\u00edctimas del docente<\/strong>.<\/p>\n\n\n\n<p>Ante el conocimiento de las denuncias,&nbsp;<strong>el Instituto Don Orione separ\u00f3 al profesor de m\u00fasica de su cargo<\/strong>, que se habr\u00eda fugado y escondido en una isla del partido de Tigre, seg\u00fan indicaron familiares a&nbsp;<em><strong>Cr\u00f3nica HD<\/strong><\/em>.<\/p>\n\n\n\n<p>En la puerta del jard\u00edn,\u00a0situado\u00a0Constituci\u00f3n 3351, concentraban esta ma\u00f1ana los padres y madres de la comunidad educativa del jard\u00edn San Jos\u00e9; mientras que efectivos policiales lograron localizar al sospechoso y lo detuvieron.<\/p>\n\n\n\n<p class=\"has-text-align-right\"><strong><em>Cr\u00f3nica.- <\/em><\/strong><\/p>\n\n\n\n<figure class=\"wp-block-embed-twitter wp-block-embed is-type-rich is-provider-twitter\"><div class=\"wp-block-embed__wrapper\">\n<blockquote class=\"twitter-tweet\" data-width=\"500\" data-dnt=\"true\"><p lang=\"es\" dir=\"ltr\">Detuvieron a un profesor acusado de abusar de ni\u00f1os de 3 a 5 a\u00f1os en <a href=\"https:\/\/twitter.com\/hashtag\/SanFernando?src=hash&amp;ref_src=twsrc%5Etfw\">#SanFernando<\/a> \u2022 Dar\u00edo Castelo (41), daba clases de m\u00fasica en el Jard\u00edn de Infantes San Jos\u00e9. Fue aprendido de urgencia por &quot;Abuso sexual agravado&quot;. Trabaj\u00f3 personal de la Comisar\u00eda 3\u00b0. <a href=\"https:\/\/t.co\/x1TJOgKL70\">pic.twitter.com\/x1TJOgKL70<\/a><\/p>&mdash; Jenny Di Serio (@jennydiserio) <a href=\"https:\/\/twitter.com\/jennydiserio\/status\/1428057135234043905?ref_src=twsrc%5Etfw\">August 18, 2021<\/a><\/blockquote><script async src=\"https:\/\/platform.twitter.com\/widgets.js\" charset=\"utf-8\"><\/script>\n<\/div><\/figure>\n","protected":false},"excerpt":{"rendered":"<p>Las v\u00edctimas ser\u00edan tres ni\u00f1os y tres ni\u00f1as<\/p>\n","protected":false},"author":2,"featured_media":9595,"comment_status":"open","ping_status":"open","sticky":false,"template":"","format":"standard","meta":{"jnews-multi-image_gallery":[],"jnews_single_post":[],"jnews_primary_category":[],"jnews_social_meta":[],"jnews_review":[],"enable_review":"","type":"","name":"","summary":"","brand":"","sku":"","good":[],"bad":[],"score_override":"","override_value":"","rating":[],"price":[],"jnews_override_counter":[],"jnews_post_split":[],"footnotes":""},"categories":[64],"tags":[398,44,45,65],"class_list":["post-9594","post","type-post","status-publish","format-standard","has-post-thumbnail","hentry","category-sucesos","tag-abuso-sexual","tag-argentina","tag-noticias","tag-sucesos"],"amp_enabled":true,"_links":{"self":[{"href":"https:\/\/esreviral.com\/index.php?rest_route=\/wp\/v2\/posts\/9594"}],"collection":[{"href":"https:\/\/esreviral.com\/index.php?rest_route=\/wp\/v2\/posts"}],"about":[{"href":"https:\/\/esreviral.com\/index.php?rest_route=\/wp\/v2\/types\/post"}],"author":[{"embeddable":true,"href":"https:\/\/esreviral.com\/index.php?rest_route=\/wp\/v2\/users\/2"}],"replies":[{"embeddable":true,"href":"https:\/\/esreviral.com\/index.php?rest_route=%2Fwp%2Fv2%2Fcomments&post=9594"}],"version-history":[{"count":0,"href":"https:\/\/esreviral.com\/index.php?rest_route=\/wp\/v2\/posts\/9594\/revisions"}],"wp:featuredmedia":[{"embeddable":true,"href":"https:\/\/esreviral.com\/index.php?rest_route=\/"}],"wp:attachment":[{"href":"https:\/\/esreviral.com\/index.php?rest_route=%2Fwp%2Fv2%2Fmedia&parent=9594"}],"wp:term":[{"taxonomy":"category","embeddable":true,"href":"https:\/\/esreviral.com\/index.php?rest_route=%2Fwp%2Fv2%2Fcategories&post=9594"},{"taxonomy":"post_tag","embeddable":true,"href":"https:\/\/esreviral.com\/index.php?rest_route=%2Fwp%2Fv2%2Ftags&post=9594"}],"curies":[{"name":"wp","href":"https:\/\/api.w.org\/{rel}","templated":true}]}}