{"id":95885,"date":"2026-09-05T10:32:50","date_gmt":"2026-09-05T15:32:50","guid":{"rendered":"https:\/\/esreviral.com\/?p=95885"},"modified":"2026-09-05T10:55:12","modified_gmt":"2026-09-05T15:55:12","slug":"desde-hoy-los-adolescentes-de-a-partir-de-14-anos-pueden-ser-imputables","status":"publish","type":"post","link":"https:\/\/esreviral.com\/?p=95885","title":{"rendered":"Desde hoy los adolescentes a partir de 14 a\u00f1os de edad pueden ser imputables"},"content":{"rendered":"\n<p>Desde hoy entra en vigencia el nuevo R\u00e9gimen de Responsabilidad Penal Juvenil, sancionado en febrero por el Senado de la Naci\u00f3n. Hasta ahora, la imputabilidad era desde los 16 a\u00f1os. Pero los j\u00f3venes de 14 y 15 que cometan un delito tambi\u00e9n ser\u00e1n imputables. Se estima que habr\u00e1 un alto crecimiento de causas, pero hay dudas sobre la estructura para atenderlas.<\/p>\n\n\n\n<p>A partir hoy entr\u00f3 en vigencia el nuevo R\u00e9gimen de Responsabilidad Penal Juvenil, en el que los adolescentes de 14 y 15 a\u00f1os de edad pasar\u00e1n a ser imputables si comenten un delito. Funcionarios judiciales consultados por Clar\u00edn coincidieron que podr\u00eda haber hasta un 80% m\u00e1s de causas penales y que esta norma no aborda temas centrales de la prevenci\u00f3n como la educaci\u00f3n o la contenci\u00f3n de los menores.<\/p>\n\n\n\n<p>El Senado de la Naci\u00f3n sancion\u00f3 en febrero de este a\u00f1o la Ley 27.801 y se dispuso su entrada en vigencia 180 d\u00edas despu\u00e9s de su promulgaci\u00f3n. El principal cambio es que tiene como objeto \u201cel establecimiento del r\u00e9gimen penal aplicable a las personas adolescentes, desde los catorce (14) a\u00f1os de edad hasta las cero (0) horas del d\u00eda en que cumplan dieciocho (18) a\u00f1os de edad, cuando fueran imputadas por un hecho tipificado como delito en el C\u00f3digo Penal o en las leyes penales especiales vigentes o que se dicten en el futuro\u201d.<\/p>\n\n\n\n<p>Esta puesta en marcha trajo varios cuestionamientos dentro de la Justicia, principalmente desde fiscal\u00edas y juzgados que atienden causas de menores, tanto a nivel nacional como provinciales.<\/p>\n\n\n\n<p>\u201cHasta este viernes (por ayer) llamamos a los chicos de 14 y 15 \u2018no punibles\u2019 y ahora se convierten en \u2018punibles\u2019. Significa que cuando comete un delito grave, de penas de m\u00e1s de tres a\u00f1os como robo a mano armada, abuso u homicidio, va preso\u201d, dijo a Clar\u00edn un fiscal de menores de la provincia de Buenos Aires.<\/p>\n\n\n\n<p>Esto provocar\u00e1 el inicio de un proceso penal que incluir\u00e1 -seg\u00fan el delito del que se lo imputa- el pedido de pericias a celulares, armas, informes m\u00e9dicos, de huellas y dem\u00e1s procedimientos que forman parte de un expediente judicial.<\/p>\n\n\n\n<p>\u201cSe van a seguir causas que ahora no. Hasta ahora si un menor que comet\u00eda un hecho ten\u00eda derecho a ser o\u00eddo, ahora se lo imputa, se lo indaga y sigue un proceso penal hasta un juicio\u201d, explic\u00f3 el secretario de un juzgado de menores bonaerense.<\/p>\n\n\n\n<p>La misma fuente consultada se\u00f1al\u00f3 que tambi\u00e9n investiga y procesa a mayores cuando existe participaci\u00f3n en el hecho donde interviene la justicia de menores.<\/p>\n\n\n\n<p>A su vez, remarc\u00f3 que deber\u00e1n cubrir el aluvi\u00f3n del n\u00famero de causas en aumento con los mismos recursos que tienen ahora.<\/p>\n\n\n\n<p>\u201cA un chico de 14 o 15 a\u00f1os vamos a tener que pedirle al juez de Garant\u00edas su detenci\u00f3n. Es un procedimiento mucho m\u00e1s amplio que va a perjudicar el funcionamiento de las fiscal\u00edas porque hay otras medidas que se toman\u201d, relat\u00f3 el fiscal.<\/p>\n\n\n\n<p>\u201cEs una Ley de marketing, muchos se manejan con los n\u00fameros de las estad\u00edsticas, pero no con la realidad. Hoy la reincidencia aumenta y hay cada vez m\u00e1s baja de edad (en los que delinquen) por la falta de educaci\u00f3n y de trabajo\u201d, sostuvo el fiscal.<\/p>\n\n\n\n<p>Seg\u00fan proyecciones que se realizaron en la provincia de Buenos Aires desde la Comisi\u00f3n del Fuero de Responsabilidad Juvenil, que pertenece al Colegio de Magistrados y Funcionarios bonaerenses, se calcula que habr\u00e1 un incremento entre el 40 y 60%.<\/p>\n\n\n\n<p>Seg\u00fan datos de la Procuraci\u00f3n bonaerense, en 2025 se iniciaron un total de 1.857 procesos penales juveniles donde fueron imputados 1.828 menores.<\/p>\n\n\n\n<p>La Corte Suprema de Justicia de la Naci\u00f3n, en su Base General de Datos de Ni\u00f1os, Ni\u00f1as y Adolescentes, confirma que en 2025 se iniciaron 1.753 causas penales a menores, de las cuales 802 fueron a ni\u00f1os, ni\u00f1as y adolescentes de hasta 15 a\u00f1os inclusive, es decir, en edad de inimputabilidad.<\/p>\n\n\n\n<p>En total, 1.193 los menores fueron imputados por primera vez y 407 llegaron a ser juzgados por un tribunal de menores.<\/p>\n\n\n\n<p>\u201cEsta ley parte de una demanda social que estaba exigiendo m\u00e1s seguridad y una baja de imputabilidad\u201d, dijo a Clar\u00edn un juez de un tribunal nacional de menores.<\/p>\n\n\n\n<p>Este magistrado prev\u00e9 que la nueva norma provocar\u00e1 \u201cun sistema desbordado\u201d, ya que la estructura estatal de centros de menores \u201cno est\u00e1 preparada para el incremento de los delitos y la baja de edad de inimputabilidad\u201d.<\/p>\n\n\n\n<p>Este funcionario consider\u00f3 que el aumento de menores imputados podr\u00eda aumentar hasta un 80%.<\/p>\n\n\n\n<p>Seg\u00fan el Consejo de los Derechos de Ni\u00f1as, Ni\u00f1os y Adolescentes de la Ciudad, en 2025 ingresaron 1.154 menores punibles y 994 no punibles. Hasta el 1\u00b0 de agosto de este a\u00f1o, fueron 749 los punibles y 588 casos de menores no punibles.<\/p>\n\n\n\n<p>\u201cEl sistema policial no est\u00e1 preparado para chicos de 14, 15 o 16 a\u00f1os. No tenemos un lenguaje para hablar con estos chicos. Tampoco el sistema educativo est\u00e1 para abordar y evitar una conflictiva penal. Si no funcionan los sistemas de alertas como centros comunales, escuela, club, parroquias, para proteger y acompa\u00f1ar a las infancias, ah\u00ed arranca la problem\u00e1tica. El sistema penal no educa ni sociabiliza\u201d, expres\u00f3 el juez.<\/p>\n\n\n\n<p>Durante el a\u00f1o pasado la justicia nacional investig\u00f3 2.005 hechos, de los cuales el 81% fue contra la propiedad, es decir, robos. Los delitos sexuales y en el cuarto lugar, contra las personas, como por ejemplo los homicidios, donde se investigaron a 10 menores.<\/p>\n\n\n\n<p>\u201cMuchos de los imputados son pibes de distintos estratos sociales, que es otro tema para abordar. El proceso penal de la nueva ley es igual, pero es m\u00e1s gravosa respecto al derecho penal de adultos y que tendr\u00eda que ser lo contrario, m\u00e1s benigna\u201d, sostuvo el funcionario.<\/p>\n\n\n\n<p>En la normativa se establece que para los casos de delitos con hasta 3 a\u00f1os de prisi\u00f3n y de delitos de 3 a 10 a\u00f1os de prisi\u00f3n (que no incluyan muerte o lesiones graves), se aplicar\u00edan las condenas bajo el r\u00e9gimen de prisi\u00f3n domiciliaria, tareas comunitarias, imposibilidad de conducir o reparaciones econ\u00f3micas.<\/p>\n\n\n\n<p>La pena m\u00e1xima de prisi\u00f3n se baja de 20 a\u00f1os a 15 para delitos graves como homicidios, robos violentos, abusos sexuales o secuestros. Adem\u00e1s, se prev\u00e9 la creaci\u00f3n de institutos especiales para contener a los j\u00f3venes.<\/p>\n\n\n\n<p>La nueva ley prev\u00e9, a su vez, la creaci\u00f3n de institutos especiales para contener a los j\u00f3venes y personal especializado en infancia y adolescencia en dichos centros.<\/p>\n\n\n\n<p>Otro de los puntos que aborda la nueva ley son la puesta en marcha de programas educativos, laborales y recreativos para garantizar la reinserci\u00f3n de los j\u00f3venes.<\/p>\n\n\n\n<p>Alertan por un aluvi\u00f3n de expedientes que atender\u00e1n sin recursos.<\/p>\n\n\n\n<p class=\"has-text-align-right\"><strong><em>Clar\u00edn.-<\/em><\/strong><\/p>\n","protected":false},"excerpt":{"rendered":"<p>Desde hoy entra en vigencia el nuevo R\u00e9gimen de Responsabilidad Penal Juvenil, sancionado en febrero por el Senado de la Naci\u00f3n. Hasta ahora, la imputabilidad era desde los 16 a\u00f1os. Pero los j\u00f3venes de 14 y 15 que cometan un delito tambi\u00e9n ser\u00e1n imputables. Se estima que habr\u00e1 un alto crecimiento de causas, pero hay [&hellip;]<\/p>\n","protected":false},"author":2,"featured_media":88113,"comment_status":"closed","ping_status":"closed","sticky":false,"template":"","format":"standard","meta":{"jnews-multi-image_gallery":[],"jnews_single_post":{"format":"standard"},"jnews_primary_category":[],"jnews_social_meta":[],"jnews_review":[],"enable_review":"","type":"","name":"","summary":"","brand":"","sku":"","good":[],"bad":[],"score_override":"","override_value":"","rating":[],"price":[],"jnews_override_counter":[],"jnews_post_split":[],"footnotes":""},"categories":[64],"tags":[44,45,65],"class_list":["post-95885","post","type-post","status-publish","format-standard","has-post-thumbnail","hentry","category-sucesos","tag-argentina","tag-noticias","tag-sucesos"],"_links":{"self":[{"href":"https:\/\/esreviral.com\/index.php?rest_route=\/wp\/v2\/posts\/95885","targetHints":{"allow":["GET"]}}],"collection":[{"href":"https:\/\/esreviral.com\/index.php?rest_route=\/wp\/v2\/posts"}],"about":[{"href":"https:\/\/esreviral.com\/index.php?rest_route=\/wp\/v2\/types\/post"}],"author":[{"embeddable":true,"href":"https:\/\/esreviral.com\/index.php?rest_route=\/wp\/v2\/users\/2"}],"replies":[{"embeddable":true,"href":"https:\/\/esreviral.com\/index.php?rest_route=%2Fwp%2Fv2%2Fcomments&post=95885"}],"version-history":[{"count":2,"href":"https:\/\/esreviral.com\/index.php?rest_route=\/wp\/v2\/posts\/95885\/revisions"}],"predecessor-version":[{"id":95888,"href":"https:\/\/esreviral.com\/index.php?rest_route=\/wp\/v2\/posts\/95885\/revisions\/95888"}],"wp:featuredmedia":[{"embeddable":true,"href":"https:\/\/esreviral.com\/index.php?rest_route=\/wp\/v2\/media\/88113"}],"wp:attachment":[{"href":"https:\/\/esreviral.com\/index.php?rest_route=%2Fwp%2Fv2%2Fmedia&parent=95885"}],"wp:term":[{"taxonomy":"category","embeddable":true,"href":"https:\/\/esreviral.com\/index.php?rest_route=%2Fwp%2Fv2%2Fcategories&post=95885"},{"taxonomy":"post_tag","embeddable":true,"href":"https:\/\/esreviral.com\/index.php?rest_route=%2Fwp%2Fv2%2Ftags&post=95885"}],"curies":[{"name":"wp","href":"https:\/\/api.w.org\/{rel}","templated":true}]}}