{"id":95882,"date":"2026-09-05T10:29:39","date_gmt":"2026-09-05T15:29:39","guid":{"rendered":"https:\/\/esreviral.com\/?p=95882"},"modified":"2026-09-05T10:43:12","modified_gmt":"2026-09-05T15:43:12","slug":"bullrich-recibio-a-venezolanos-para-el-pronto-regreso-de-mcm","status":"publish","type":"post","link":"https:\/\/esreviral.com\/?p=95882","title":{"rendered":"Bullrich recibi\u00f3 a venezolanos para el pronto regreso de MCM"},"content":{"rendered":"\n<p>La senadora de La Libertad Avanza, Patricia Bullrich, junto al director nacional de estad\u00edsticas del Ministerio de Seguridad, el venezolano Marco Gonz\u00e1lez, recibieron en su despacho al Director de Asuntos Internacionales del Comando con Venezuela, Pedro Urruchurtu y a la Directora del Comando con Vzla cap\u00edtulo Argentina, Adriana Flores, quienes explicaron el posible plan de la l\u00edder Mar\u00eda Corina Machado y su pronto regreso a Venezuela. <\/p>\n\n\n\n<p>\u00abLa idea es consolidar los apoyos de los aliados durante y posterior a este evento de gran significado para el pa\u00eds\u00bb, afirm\u00f3 una fuente ligada al Comando con Vzla en Argentina.<\/p>\n\n\n\n<p><strong><em><a href=\"https:\/\/chat.whatsapp.com\/JnvvyG03WzlH2yM1FrSOa8\">\u00daNETE AL CANAL DE WHATSAPP PARA ESTAR INFORMADO<\/a><\/em><\/strong><br><\/p>\n\n\n\n<figure class=\"wp-block-image size-large\"><img decoding=\"async\" src=\"https:\/\/pbs.twimg.com\/media\/HRdhHl9bIAAmcBF?format=jpg&amp;name=large\" alt=\"\"\/><\/figure>\n\n\n\n<p>\u00abDe igual forma, se refuerza el agradecimiento por las gestiones de las autoridades con la di\u00e1spora venezolana, en el marco del D\u00eda del Inmigrante Argentino y especial valoraci\u00f3n a la Senadora Patricia Bullrich por su gesti\u00f3n durante el resguardo y posterior asedio al equipo de Maria Corina Machado que se encontraba en a Embajada en Caracas, entre los que se encontraba Pedro Urruchurtu\u00bb. <\/p>\n\n\n\n<p>Y es que Urruchurtu, fue parte del conocido Plan Guacamaya para escapar de la embajada argentina en Venezuela, luego de 14 meses \u00absecuestrados\u00bb y asediados por funcionarios del r\u00e9gimen de Nicol\u00e1s Maduro. <\/p>\n\n\n\n<p><a href=\"https:\/\/t.me\/esreviral\"><strong><em>\u00daNETE AL CANAL DE TELEGRAM PARA ESTAR INFORMADO<\/em><\/strong><\/a><\/p>\n\n\n\n<p><\/p>\n","protected":false},"excerpt":{"rendered":"<p>La senadora de La Libertad Avanza, Patricia Bullrich, junto al director nacional de estad\u00edsticas del Ministerio de Seguridad, el venezolano Marco Gonz\u00e1lez, recibieron en su despacho al Director de Asuntos Internacionales del Comando con Venezuela, Pedro Urruchurtu y a la Directora del Comando con Vzla cap\u00edtulo Argentina, Adriana Flores, quienes explicaron el posible plan de [&hellip;]<\/p>\n","protected":false},"author":2,"featured_media":95883,"comment_status":"closed","ping_status":"closed","sticky":false,"template":"","format":"standard","meta":{"jnews-multi-image_gallery":[],"jnews_single_post":{"format":"standard"},"jnews_primary_category":[],"jnews_social_meta":[],"jnews_review":[],"enable_review":"","type":"","name":"","summary":"","brand":"","sku":"","good":[],"bad":[],"score_override":"","override_value":"","rating":[],"price":[],"jnews_override_counter":[],"jnews_post_split":[],"footnotes":""},"categories":[59,5892],"tags":[44,820,45,391,67],"class_list":["post-95882","post","type-post","status-publish","format-standard","has-post-thumbnail","hentry","category-politica","category-venezolanos-en-argentina","tag-argentina","tag-maria-corina-machado","tag-noticias","tag-patricia-bullrich","tag-venezolanos-en-argentina"],"_links":{"self":[{"href":"https:\/\/esreviral.com\/index.php?rest_route=\/wp\/v2\/posts\/95882","targetHints":{"allow":["GET"]}}],"collection":[{"href":"https:\/\/esreviral.com\/index.php?rest_route=\/wp\/v2\/posts"}],"about":[{"href":"https:\/\/esreviral.com\/index.php?rest_route=\/wp\/v2\/types\/post"}],"author":[{"embeddable":true,"href":"https:\/\/esreviral.com\/index.php?rest_route=\/wp\/v2\/users\/2"}],"replies":[{"embeddable":true,"href":"https:\/\/esreviral.com\/index.php?rest_route=%2Fwp%2Fv2%2Fcomments&post=95882"}],"version-history":[{"count":1,"href":"https:\/\/esreviral.com\/index.php?rest_route=\/wp\/v2\/posts\/95882\/revisions"}],"predecessor-version":[{"id":95884,"href":"https:\/\/esreviral.com\/index.php?rest_route=\/wp\/v2\/posts\/95882\/revisions\/95884"}],"wp:featuredmedia":[{"embeddable":true,"href":"https:\/\/esreviral.com\/index.php?rest_route=\/wp\/v2\/media\/95883"}],"wp:attachment":[{"href":"https:\/\/esreviral.com\/index.php?rest_route=%2Fwp%2Fv2%2Fmedia&parent=95882"}],"wp:term":[{"taxonomy":"category","embeddable":true,"href":"https:\/\/esreviral.com\/index.php?rest_route=%2Fwp%2Fv2%2Fcategories&post=95882"},{"taxonomy":"post_tag","embeddable":true,"href":"https:\/\/esreviral.com\/index.php?rest_route=%2Fwp%2Fv2%2Ftags&post=95882"}],"curies":[{"name":"wp","href":"https:\/\/api.w.org\/{rel}","templated":true}]}}