{"id":9588,"date":"2021-08-18T16:15:58","date_gmt":"2021-08-18T19:15:58","guid":{"rendered":"http:\/\/esreviral.com\/?p=9588"},"modified":"2021-08-18T16:15:58","modified_gmt":"2021-08-18T19:15:58","slug":"entregaran-15-becas-para-empoderar-a-jovenes-venezolanas-en-argentina","status":"publish","type":"post","link":"https:\/\/esreviral.com\/?p=9588","title":{"rendered":"Entregar\u00e1n 15 becas para empoderar a j\u00f3venes venezolanas en Argentina"},"content":{"rendered":"\n<p><strong><em>Carlos Iv\u00e1n Su\u00e1rez.-<\/em><\/strong> 15 ser\u00e1n las j\u00f3venes venezolanas seleccionadas, entre 13 y 17 a\u00f1os de edad, que residan en Argentina, Chile o Uruguay para ingresar al programa de Mujeres Emprendedoras de Venezuela y que se realizar\u00e1 en su cuarta edici\u00f3n totalmente virtual. <\/p>\n\n\n\n<p>\u00abDesde 2020 iniciamos algunas actividades solidarias en Argentina, entre as cuales el programa Sembrando Emprendedoras con el objetivo de incentivar el emprendimiento de estas j\u00f3venes como alternativa de empoderamiento social y econ\u00f3mico\u00bb, explic\u00f3 Peggy Rivas, quien es la encargada en Argentina. <\/p>\n\n\n\n<p>Este a\u00f1o, es la primera vez que se realizar\u00e1 en formato digital por la pandemia, \u00ablas dos primeras se hicieron en Venezuela presencialmente, la tercera en 2020 en Argentina con ni\u00f1as migrantes venezolanas\u00bb.<\/p>\n\n\n\n<p>Este es un programa de formaci\u00f3n, \u00abpensando en la posibilidad de emprender para que ellas tengan una idea b\u00e1sica de emprendimiento que tenga un componente en estas \u00e1reas (ciencia, tecnolog\u00eda, ingenier\u00eda y matem\u00e1ticas) y que deseen recibir capacitaci\u00f3n para darle forma a ese proyecto.  Queremos ayudarlas a desarrollar un modelo de negocio y a la par trabajando diversas \u00e1reas para su desarrollo integral\u00bb, coment\u00f3 Rivas. <\/p>\n\n\n\n<figure class=\"wp-block-image size-large\"><img decoding=\"async\" src=\"https:\/\/esreviral.com\/wp-content\/uploads\/2021\/08\/WhatsApp-Image-2021-08-18-at-12.51.15-1024x768.jpeg\" alt=\"\" class=\"wp-image-9589\"\/><figcaption>Parte de los talleres ofrecidos en Buenos Aires en el a\u00f1o 2020<\/figcaption><\/figure>\n\n\n\n<p>Las inscripciones est\u00e1n abiertas hasta finales de agosto ya que en septiembre inicia el taller, quienes deseen inscribirse pueden hacerlo a trav\u00e9s de este link <a href=\"https:\/\/viewer.desygner.com\/XGrmmd5mT6Q\/\">https:\/\/viewer.desygner.com\/XGrmmd5mT6Q\/<\/a> y la selecci\u00f3n de las becadas ser\u00e1 de acuerdo a las condiciones de cada una y no habr\u00e1 un n\u00famero espec\u00edfico por cada pa\u00eds. <\/p>\n\n\n\n<p>El taller tiene una duraci\u00f3n de tres semanas y la cuarta es de mentor\u00eda, de esa manera formar\u00e1n parte de la red de egresadas. <\/p>\n\n\n\n<p>Adem\u00e1s, desde la Asociaci\u00f3n Mujeres Emprendedoras de Venezuela, buscan a f\u00e9minas profesionales en las \u00e1reas de ciencia, tecnolog\u00eda, ingenier\u00eda y matem\u00e1ticas para que compartan sus experiencias con las m\u00e1s j\u00f3venes. <\/p>\n\n\n\n<figure class=\"wp-block-image size-large\"><img decoding=\"async\" src=\"https:\/\/esreviral.com\/wp-content\/uploads\/2021\/08\/WhatsApp-Image-2021-08-17-at-17.46.56.jpeg\" alt=\"\" class=\"wp-image-9592\"\/><\/figure>\n","protected":false},"excerpt":{"rendered":"<p>Ser\u00e1n chicas entre 13 y 15 a\u00f1os de edad que est\u00e9n en Argentina, Uruguay y Chile<\/p>\n","protected":false},"author":2,"featured_media":9590,"comment_status":"open","ping_status":"open","sticky":false,"template":"","format":"standard","meta":{"jnews-multi-image_gallery":[],"jnews_single_post":[],"jnews_primary_category":[],"jnews_social_meta":[],"jnews_review":[],"enable_review":"","type":"","name":"","summary":"","brand":"","sku":"","good":[],"bad":[],"score_override":"","override_value":"","rating":[],"price":[],"jnews_override_counter":[],"jnews_post_split":[],"footnotes":""},"categories":[54],"tags":[123,45,67],"class_list":["post-9588","post","type-post","status-publish","format-standard","has-post-thumbnail","hentry","category-inmigracion","tag-informacion","tag-noticias","tag-venezolanos-en-argentina"],"amp_enabled":true,"_links":{"self":[{"href":"https:\/\/esreviral.com\/index.php?rest_route=\/wp\/v2\/posts\/9588"}],"collection":[{"href":"https:\/\/esreviral.com\/index.php?rest_route=\/wp\/v2\/posts"}],"about":[{"href":"https:\/\/esreviral.com\/index.php?rest_route=\/wp\/v2\/types\/post"}],"author":[{"embeddable":true,"href":"https:\/\/esreviral.com\/index.php?rest_route=\/wp\/v2\/users\/2"}],"replies":[{"embeddable":true,"href":"https:\/\/esreviral.com\/index.php?rest_route=%2Fwp%2Fv2%2Fcomments&post=9588"}],"version-history":[{"count":0,"href":"https:\/\/esreviral.com\/index.php?rest_route=\/wp\/v2\/posts\/9588\/revisions"}],"wp:featuredmedia":[{"embeddable":true,"href":"https:\/\/esreviral.com\/index.php?rest_route=\/"}],"wp:attachment":[{"href":"https:\/\/esreviral.com\/index.php?rest_route=%2Fwp%2Fv2%2Fmedia&parent=9588"}],"wp:term":[{"taxonomy":"category","embeddable":true,"href":"https:\/\/esreviral.com\/index.php?rest_route=%2Fwp%2Fv2%2Fcategories&post=9588"},{"taxonomy":"post_tag","embeddable":true,"href":"https:\/\/esreviral.com\/index.php?rest_route=%2Fwp%2Fv2%2Ftags&post=9588"}],"curies":[{"name":"wp","href":"https:\/\/api.w.org\/{rel}","templated":true}]}}