{"id":95865,"date":"2026-09-05T10:56:55","date_gmt":"2026-09-05T15:56:55","guid":{"rendered":"https:\/\/esreviral.com\/?p=95865"},"modified":"2026-09-05T11:16:21","modified_gmt":"2026-09-05T16:16:21","slug":"joven-venezolano-derrocha-talento-en-el-baloncesto-argentino","status":"publish","type":"post","link":"https:\/\/esreviral.com\/?p=95865","title":{"rendered":"Joven venezolano derrocha talento en el baloncesto argentino"},"content":{"rendered":"\n<p class=\"has-text-align-center\"><em>Con apenas 13 a\u00f1os de edad, Samuel Sosa ya est\u00e1 haciendo historia con la camiseta de Club Atl\u00e9tico V\u00e9lez Sarsfield. <\/em><\/p>\n\n\n\n<p>Samuel es parte del U13, un equipo que llega a la Liga Federal invicto, con 21 partidos jugados y 21 victorias. <\/p>\n\n\n\n<p>Esta temporada, el talento venezolano ha dejado su huella: <strong>varias veces fue reconocido como MVP, lleg\u00f3 a convertir 27 puntos en algunos encuentros y tambi\u00e9n aporta asistencias, rebotes, defensa y, sobre todo, trabajo en equipo.<\/strong><\/p>\n\n\n\n<p>Pero detr\u00e1s de cada punto hay una historia: <strong>Samuel lleg\u00f3 a Argentina desde Venezuela hace ocho a\u00f1os y hoy, cada vez que entra a la cancha, lleva consigo el orgullo <\/strong>de sus ra\u00edces venezolanas.<\/p>\n\n\n\n<p>Es el \u00fanico venezolano de su categor\u00eda en V\u00e9lez que estar\u00e1 presente en esta instancia, un motivo enorme de orgullo para su familia y para toda la comunidad venezolana.<\/p>\n\n\n\n<p>La temporada pasada fueron subcampeones. Esta vez el objetivo es uno solo: \u00a1Ir por el t\u00edtulo!<\/p>\n\n\n\n<p>Y all\u00ed estar\u00e1 Samuel, dejando en cada partido car\u00e1cter, disciplina, talento y pasi\u00f3n.<\/p>\n\n\n\n<p><\/p>\n\n\n\n<p><\/p>\n","protected":false},"excerpt":{"rendered":"<p>Con apenas 13 a\u00f1os de edad, Samuel Sosa ya est\u00e1 haciendo historia con la camiseta de Club Atl\u00e9tico V\u00e9lez Sarsfield. Samuel es parte del U13, un equipo que llega a la Liga Federal invicto, con 21 partidos jugados y 21 victorias. Esta temporada, el talento venezolano ha dejado su huella: varias veces fue reconocido como [&hellip;]<\/p>\n","protected":false},"author":2,"featured_media":95890,"comment_status":"closed","ping_status":"closed","sticky":false,"template":"","format":"standard","meta":{"jnews-multi-image_gallery":[],"jnews_single_post":{"format":"standard"},"jnews_primary_category":[],"jnews_social_meta":[],"jnews_review":[],"enable_review":"","type":"","name":"","summary":"","brand":"","sku":"","good":[],"bad":[],"score_override":"","override_value":"","rating":[],"price":[],"jnews_override_counter":[],"jnews_post_split":[],"footnotes":""},"categories":[48,5892],"tags":[45,44818,67],"class_list":["post-95865","post","type-post","status-publish","format-standard","has-post-thumbnail","hentry","category-deportes","category-venezolanos-en-argentina","tag-noticias","tag-samuel-sosa","tag-venezolanos-en-argentina"],"_links":{"self":[{"href":"https:\/\/esreviral.com\/index.php?rest_route=\/wp\/v2\/posts\/95865","targetHints":{"allow":["GET"]}}],"collection":[{"href":"https:\/\/esreviral.com\/index.php?rest_route=\/wp\/v2\/posts"}],"about":[{"href":"https:\/\/esreviral.com\/index.php?rest_route=\/wp\/v2\/types\/post"}],"author":[{"embeddable":true,"href":"https:\/\/esreviral.com\/index.php?rest_route=\/wp\/v2\/users\/2"}],"replies":[{"embeddable":true,"href":"https:\/\/esreviral.com\/index.php?rest_route=%2Fwp%2Fv2%2Fcomments&post=95865"}],"version-history":[{"count":2,"href":"https:\/\/esreviral.com\/index.php?rest_route=\/wp\/v2\/posts\/95865\/revisions"}],"predecessor-version":[{"id":95891,"href":"https:\/\/esreviral.com\/index.php?rest_route=\/wp\/v2\/posts\/95865\/revisions\/95891"}],"wp:featuredmedia":[{"embeddable":true,"href":"https:\/\/esreviral.com\/index.php?rest_route=\/wp\/v2\/media\/95890"}],"wp:attachment":[{"href":"https:\/\/esreviral.com\/index.php?rest_route=%2Fwp%2Fv2%2Fmedia&parent=95865"}],"wp:term":[{"taxonomy":"category","embeddable":true,"href":"https:\/\/esreviral.com\/index.php?rest_route=%2Fwp%2Fv2%2Fcategories&post=95865"},{"taxonomy":"post_tag","embeddable":true,"href":"https:\/\/esreviral.com\/index.php?rest_route=%2Fwp%2Fv2%2Ftags&post=95865"}],"curies":[{"name":"wp","href":"https:\/\/api.w.org\/{rel}","templated":true}]}}