{"id":95856,"date":"2026-09-04T08:05:42","date_gmt":"2026-09-04T13:05:42","guid":{"rendered":"https:\/\/esreviral.com\/?p=95856"},"modified":"2026-09-04T08:05:43","modified_gmt":"2026-09-04T13:05:43","slug":"trump-tendra-una-moneda-con-su-rostro-en-eeuu","status":"publish","type":"post","link":"https:\/\/esreviral.com\/?p=95856","title":{"rendered":"Trump tendr\u00e1 una moneda con su rostro en EEUU"},"content":{"rendered":"\n<p>En el marco de los preparativos y festejos por los 250 a\u00f1os de la fundaci\u00f3n de los Estados Unidos, se ha anunciado el lanzamiento de una emisi\u00f3n especial de monedas de un d\u00f3lar que llevar\u00e1 plasmado el rostro de un presidente de la naci\u00f3n.<\/p>\n\n\n\n<p>Esta iniciativa forma parte de las celebraciones hist\u00f3ricas del pa\u00eds, conocidas como el Semicentenario de la Independencia (Semiquincentennial), buscando rendir tributo a la historia y figuras clave de la historia estadounidense a trav\u00e9s de la numism\u00e1tica oficial.<\/p>\n\n\n\n<figure class=\"wp-block-image\"><img decoding=\"async\" src=\"https:\/\/encrypted-tbn0.gstatic.com\/images?q=tbn:ANd9GcRFmfyKfK5ep5MX2ZH027g0mqGH8mzV4d8gDiHCz0Sw3M1b1_04nhEpaJ0&amp;s=10\" alt=\"\"\/><\/figure>\n\n\n\n<p>Las nuevas piezas de colecci\u00f3n saldr\u00e1n al mercado con un costo accesible para el p\u00fablico y los coleccionistas, estim\u00e1ndose que sus precios rondar\u00e1n aproximadamente entre los 1,55 y los 2,44 d\u00f3lares por unidad, dependiendo de los canales de distribuci\u00f3n y los acabados de acu\u00f1aci\u00f3n disponibles para esta serie especial.<\/p>\n\n\n\n<p>Se espera que esta edici\u00f3n conmemorativa despierte un alto inter\u00e9s tanto entre ciudadanos locales como entre coleccionistas internacionales, consolid\u00e1ndose como uno de los recuerdos oficiales m\u00e1s emblem\u00e1ticos de las bodas de plata y semiquincentenario de la naci\u00f3n.<\/p>\n","protected":false},"excerpt":{"rendered":"<p>En el marco de los preparativos y festejos por los 250 a\u00f1os de la fundaci\u00f3n de los Estados Unidos, se ha anunciado el lanzamiento de una emisi\u00f3n especial de monedas de un d\u00f3lar que llevar\u00e1 plasmado el rostro de un presidente de la naci\u00f3n. Esta iniciativa forma parte de las celebraciones hist\u00f3ricas del pa\u00eds, conocidas [&hellip;]<\/p>\n","protected":false},"author":2,"featured_media":95857,"comment_status":"closed","ping_status":"closed","sticky":false,"template":"","format":"standard","meta":{"jnews-multi-image_gallery":[],"jnews_single_post":{"format":"standard"},"jnews_primary_category":[],"jnews_social_meta":[],"jnews_review":[],"enable_review":"","type":"","name":"","summary":"","brand":"","sku":"","good":[],"bad":[],"score_override":"","override_value":"","rating":[],"price":[],"jnews_override_counter":[],"jnews_post_split":[],"footnotes":""},"categories":[88],"tags":[136,44816,45,185],"class_list":["post-95856","post","type-post","status-publish","format-standard","has-post-thumbnail","hentry","category-internacionales","tag-estados-unidos","tag-moneda","tag-noticias","tag-trump"],"_links":{"self":[{"href":"https:\/\/esreviral.com\/index.php?rest_route=\/wp\/v2\/posts\/95856","targetHints":{"allow":["GET"]}}],"collection":[{"href":"https:\/\/esreviral.com\/index.php?rest_route=\/wp\/v2\/posts"}],"about":[{"href":"https:\/\/esreviral.com\/index.php?rest_route=\/wp\/v2\/types\/post"}],"author":[{"embeddable":true,"href":"https:\/\/esreviral.com\/index.php?rest_route=\/wp\/v2\/users\/2"}],"replies":[{"embeddable":true,"href":"https:\/\/esreviral.com\/index.php?rest_route=%2Fwp%2Fv2%2Fcomments&post=95856"}],"version-history":[{"count":1,"href":"https:\/\/esreviral.com\/index.php?rest_route=\/wp\/v2\/posts\/95856\/revisions"}],"predecessor-version":[{"id":95858,"href":"https:\/\/esreviral.com\/index.php?rest_route=\/wp\/v2\/posts\/95856\/revisions\/95858"}],"wp:featuredmedia":[{"embeddable":true,"href":"https:\/\/esreviral.com\/index.php?rest_route=\/wp\/v2\/media\/95857"}],"wp:attachment":[{"href":"https:\/\/esreviral.com\/index.php?rest_route=%2Fwp%2Fv2%2Fmedia&parent=95856"}],"wp:term":[{"taxonomy":"category","embeddable":true,"href":"https:\/\/esreviral.com\/index.php?rest_route=%2Fwp%2Fv2%2Fcategories&post=95856"},{"taxonomy":"post_tag","embeddable":true,"href":"https:\/\/esreviral.com\/index.php?rest_route=%2Fwp%2Fv2%2Ftags&post=95856"}],"curies":[{"name":"wp","href":"https:\/\/api.w.org\/{rel}","templated":true}]}}