{"id":95845,"date":"2026-09-03T17:29:38","date_gmt":"2026-09-03T22:29:38","guid":{"rendered":"https:\/\/esreviral.com\/?p=95845"},"modified":"2026-09-03T17:29:39","modified_gmt":"2026-09-03T22:29:39","slug":"regimen-usa-traslados-arbitrarios-como-mecanismo-de-represalia-contra-presos-politicos-y-sus-familiares","status":"publish","type":"post","link":"https:\/\/esreviral.com\/?p=95845","title":{"rendered":"R\u00e9gimen usa traslados arbitrarios como mecanismo de represalia contra presos pol\u00edticos y sus familiares\u00a0"},"content":{"rendered":"\n<p><strong>El Observatorio Venezolano de Prisiones (OVP)<\/strong> denuncia una nueva ola de traslados sin informaci\u00f3n oficial en el Internado Judicial El Rodeo, estado Miranda. La falta de transparencia mantiene en estado de zozobra e incertidumbre a los familiares que permanecen a las afueras del recinto penitenciario.&nbsp;<\/p>\n\n\n\n<p>Estos traslados ocurren pocas horas despu\u00e9s de que un grupo de familiares y expresos pol\u00edticos se movilizaran hasta la sede del Ministerio para el Servicio Penitenciario para exigir la libertad plena de los detenidos y alzar la voz por las sistem\u00e1ticas violaciones a los derechos humanos dentro de los penales, el martes, 1\u00b0 de septiembre.&nbsp;<\/p>\n\n\n\n<p>El <strong>OVP <\/strong>se\u00f1ala que el ocultamiento de informaci\u00f3n forma parte de un patr\u00f3n reiterado de intimidaci\u00f3n y tortura psicol\u00f3gica contra los familiares que se atreven a denunciar las violaciones que comete el r\u00e9gimen venezolano.<\/p>\n\n\n\n<p><strong><em><a href=\"https:\/\/chat.whatsapp.com\/JnvvyG03WzlH2yM1FrSOa8\">\u00daNETE AL CANAL DE WHATSAPP PARA ESTAR INFORMADO<\/a><\/em><\/strong><\/p>\n\n\n\n<p>Previo a los traslados que se ejecutaron desde la noche del mi\u00e9rcoles, 2 de septiembre, y la ma\u00f1ana de este jueves, la organizaci\u00f3n recibi\u00f3 informaci\u00f3n de que hubo requisas en Rodeo IV el lunes pasado por parte del Grupo de Respuesta Inmediata y Custodia (GRIC) del Ministerio para el Servicio Penitenciario. Adem\u00e1s, presuntamente hubo maltratos a las personas privadas de libertad con un bate.<\/p>\n\n\n\n<p>No es la primera vez que se documentan torturas, tratos crueles, inhumanos y degradantes en este penal sin que el Ministerio P\u00fablico ni la Defensor\u00eda del Pueblo inicien investigaciones para sancionar a los funcionarios responsables.<\/p>\n\n\n\n<p><a href=\"https:\/\/t.me\/esreviral\"><strong><em>\u00daNETE AL CANAL DE TELEGRAM PARA ESTAR INFORMADO<\/em><\/strong><\/a><\/p>\n\n\n\n<p><strong>De un centro de tortura a otro<\/strong><\/p>\n\n\n\n<p>Los familiares confirmaron el traslado de al menos 32 personas \u2014entre ellas cuatro ciudadanos de nacionalidad colombiana\u2014 hacia el Centro de Procesados y Penados Militares Guaicaipuro, ubicado en Charallave.<\/p>\n\n\n\n<p>El<strong> OVP <\/strong>reitera su alarma ante las condiciones de esta instalaci\u00f3n militar, donde ha documentado violaciones grav\u00edsimas de los derechos humanos como aislamiento prolongado, golpizas, desnudez forzada durante el d\u00eda y la noche, desnutrici\u00f3n severa y tratos degradantes como obligar a los reclusos a comer del suelo estando esposados.<\/p>\n\n\n\n<p>Asimismo, hay denuncias p\u00fablicas sobre los presos pol\u00edticos presuntamente vinculados a la Operaci\u00f3n Gede\u00f3n, a quienes se les racionaba el agua potable o se les suministraba con larvas, lo que ha provocado afecciones renales.<\/p>\n\n\n\n<p>Las autoridades del Fuerte Guaicaipuro tambi\u00e9n han impedido el ingreso de alimentos y paqueter\u00eda entregados por las familias, provocando una p\u00e9rdida de peso alarmante y da\u00f1os graves a la salud de los detenidos.<\/p>\n\n\n\n<p>Por otro lado, los parientes han denunciado tambi\u00e9n sobre una celda de castigo llamada \u201cla luci\u00e9rnaga\u201d, donde someten a los reclusos a una iluminaci\u00f3n permanente.&nbsp;<\/p>\n\n\n\n<p>Aunque actualmente le permiten el ingreso de paqueter\u00eda y medicamentos a los familiares \u2014el cual es deber del Gobierno\u2014, el <strong>OVP<\/strong> ha recibido denuncias sobre malos tratos cuando trasladan a los presos pol\u00edticos a un ambulatorio que se encuentra en el Ministerio de Interior, Justicia y Paz, para chequeos m\u00e9dicos.<\/p>\n\n\n\n<p>El Fuerte Guaicaipuro se encuentra controlado por el Servicio de Sistema de M\u00e1xima Seguridad (Sesmas) del Ministerio para el Servicio Penitenciario, cuerpo sobre el cual pesan denuncias p\u00fablicas de torturas, al igual que en la c\u00e1rcel del Rodeo, donde se ha denunciado reiteradamente torturas, tratos crueles e inhumanos.&nbsp;<\/p>\n\n\n\n<p>Garantizar la salud, la alimentaci\u00f3n adecuada y la integridad f\u00edsica de toda persona bajo custodia es un deber del Estado venezolano. En tal sentido, la organizaci\u00f3n exige al ministro para el Servicio Penitenciario, Julio Garc\u00eda Zerpa, garantizar la vida de los detenidos e informar de inmediato sobre su paradero y condici\u00f3n m\u00e9dica.&nbsp;<\/p>\n\n\n\n<p>Por otro lado, el <strong>OVP<\/strong> est\u00e1 informando al sistema interamericano y universal de los derechos humanos sobre estas represalias contra los presos pol\u00edticos y sus familiares. Mantendremos la documentaci\u00f3n sobre esta y otras violaciones a los derechos de las personas privadas de libertad que comete el r\u00e9gimen venezolano.&nbsp;<\/p>\n\n\n\n<p>Finalmente esta organizaci\u00f3n reitera su apoyo al campamento de familiares que se encuentra en las adyacencias del Rodeo, desde el 8 de enero pasado, quienes se han mantenido en constante vigilancia de los tratos de sus seres queridos y adem\u00e1s exigen la libertad plena de los presos pol\u00edticos.<\/p>\n\n\n\n<p>El <strong>OVP<\/strong> exige libertad plena para todos los presos pol\u00edticos.<\/p>\n\n\n\n<p><strong>Prensa Observatorio Venezolano de Prisiones<\/strong><\/p>\n\n\n\n<p><strong>Foto: Cortes\u00eda&nbsp;<a>@Clippve<\/a><\/strong><strong><a><\/a><\/strong><\/p>\n","protected":false},"excerpt":{"rendered":"<p>El Observatorio Venezolano de Prisiones (OVP) denuncia una nueva ola de traslados sin informaci\u00f3n oficial en el Internado Judicial El Rodeo, estado Miranda. La falta de transparencia mantiene en estado de zozobra e incertidumbre a los familiares que permanecen a las afueras del recinto penitenciario.&nbsp; Estos traslados ocurren pocas horas despu\u00e9s de que un grupo [&hellip;]<\/p>\n","protected":false},"author":2,"featured_media":95846,"comment_status":"closed","ping_status":"closed","sticky":false,"template":"","format":"standard","meta":{"jnews-multi-image_gallery":[],"jnews_single_post":{"format":"standard"},"jnews_primary_category":[],"jnews_social_meta":[],"jnews_review":[],"enable_review":"","type":"","name":"","summary":"","brand":"","sku":"","good":[],"bad":[],"score_override":"","override_value":"","rating":[],"price":[],"jnews_override_counter":[],"jnews_post_split":[],"footnotes":""},"categories":[59,66],"tags":[45,10447,56],"class_list":["post-95845","post","type-post","status-publish","format-standard","has-post-thumbnail","hentry","category-politica","category-venezuela","tag-noticias","tag-presos-politicos","tag-venezuela"],"_links":{"self":[{"href":"https:\/\/esreviral.com\/index.php?rest_route=\/wp\/v2\/posts\/95845","targetHints":{"allow":["GET"]}}],"collection":[{"href":"https:\/\/esreviral.com\/index.php?rest_route=\/wp\/v2\/posts"}],"about":[{"href":"https:\/\/esreviral.com\/index.php?rest_route=\/wp\/v2\/types\/post"}],"author":[{"embeddable":true,"href":"https:\/\/esreviral.com\/index.php?rest_route=\/wp\/v2\/users\/2"}],"replies":[{"embeddable":true,"href":"https:\/\/esreviral.com\/index.php?rest_route=%2Fwp%2Fv2%2Fcomments&post=95845"}],"version-history":[{"count":1,"href":"https:\/\/esreviral.com\/index.php?rest_route=\/wp\/v2\/posts\/95845\/revisions"}],"predecessor-version":[{"id":95847,"href":"https:\/\/esreviral.com\/index.php?rest_route=\/wp\/v2\/posts\/95845\/revisions\/95847"}],"wp:featuredmedia":[{"embeddable":true,"href":"https:\/\/esreviral.com\/index.php?rest_route=\/wp\/v2\/media\/95846"}],"wp:attachment":[{"href":"https:\/\/esreviral.com\/index.php?rest_route=%2Fwp%2Fv2%2Fmedia&parent=95845"}],"wp:term":[{"taxonomy":"category","embeddable":true,"href":"https:\/\/esreviral.com\/index.php?rest_route=%2Fwp%2Fv2%2Fcategories&post=95845"},{"taxonomy":"post_tag","embeddable":true,"href":"https:\/\/esreviral.com\/index.php?rest_route=%2Fwp%2Fv2%2Ftags&post=95845"}],"curies":[{"name":"wp","href":"https:\/\/api.w.org\/{rel}","templated":true}]}}