{"id":95842,"date":"2026-09-03T17:27:01","date_gmt":"2026-09-03T22:27:01","guid":{"rendered":"https:\/\/esreviral.com\/?p=95842"},"modified":"2026-09-03T17:27:02","modified_gmt":"2026-09-03T22:27:02","slug":"mejor-educacion-para-los-chicos-la-sala-de-3-anos-ya-es-obligatoria-en-la-ciudad","status":"publish","type":"post","link":"https:\/\/esreviral.com\/?p=95842","title":{"rendered":"Mejor educaci\u00f3n para los chicos: la sala de 3 a\u00f1os ya es obligatoria en la Ciudad"},"content":{"rendered":"\n<p>Con la aprobaci\u00f3n por unanimidad de la ley que establece la incorporaci\u00f3n de la sala de 3 a\u00f1os a la ense\u00f1anza obligatoria, la Ciudad de Buenos Aires dio otro importante paso para fortalecer el acceso y las oportunidades de aprendizaje de los chicos, favorecer su desarrollo integral y acompa\u00f1ar a las familias en una etapa clave de la vida.<\/p>\n\n\n\n<p>La nueva norma, sancionada hoy en la Legislatura porte\u00f1a, establece la obligatoriedad de la educaci\u00f3n a partir de la sala de 3 a\u00f1os del Nivel Inicial: todos los chicos deben tener garantizado el acceso a una vacante educativa.<\/p>\n\n\n\n<p><strong><em><a href=\"https:\/\/chat.whatsapp.com\/JnvvyG03WzlH2yM1FrSOa8\">\u00daNETE AL CANAL DE WHATSAPP PARA ESTAR INFORMADO<\/a><\/em><\/strong><\/p>\n\n\n\n<p><strong>\u201cAprobamos una ley para que la sala de 3 sea obligatoria en la Ciudad. Los primeros a\u00f1os son decisivos para el desarrollo de cada chico. Es cuando se forman el lenguaje, la curiosidad, la capacidad de convivir, de jugar, de expresarse y de aprender. Felicitaciones a Sergio Siciliano, a Mechi Miguel y a todas las fuerzas pol\u00edticas que trabajaron en conjunto para convertirlo en ley por unanimidad\u201d<\/strong>, sostuvo el Jefe de Gobierno, Jorge Macri.<\/p>\n\n\n\n<p>Con la ley, se deber\u00e1 asegurar progresivamente en la Ciudad la disponibilidad de oferta de doble jornada y la modalidad de asistencia flexible (jornada simple o doble) para familias o tutores a cargo de ni\u00f1os de 3 a\u00f1os que as\u00ed lo requieran.<\/p>\n\n\n\n<p>La ley entrar\u00e1 en vigencia en 2027 contempl\u00e1ndose un plazo de dos a\u00f1os para adecuar la oferta en sala de 3 a\u00f1os e incorporar a la ense\u00f1anza oficial a los ni\u00f1os que asisten a Centros de Primera Infancia, Centros de Desarrollo Infantil y jardines inscriptos en el Registro de Instituciones Educativas Asistenciales, generando las condiciones para mantener la extensi\u00f3n de la jornada de origen.<\/p>\n\n\n\n<p><a href=\"https:\/\/t.me\/esreviral\"><strong><em>\u00daNETE AL CANAL DE TELEGRAM PARA ESTAR INFORMADO<\/em><\/strong><\/a><\/p>\n\n\n\n<p>La ministra de Educaci\u00f3n, Mercedes Miguel, afirm\u00f3: \u201cTenemos el compromiso de poner siempre el aprendizaje y el bienestar de los chicos en el centro. El inicio de la trayectoria educativa a temprana edad es una prioridad clave; por eso, la obligatoriedad de la sala de 3 a\u00f1os es un paso fundamental que garantiza de manera equitativa mejores oportunidades de desarrollo integral para toda la vida\u201d.<\/p>\n\n\n\n<p>El reglamento de Inscripci\u00f3n en L\u00ednea establecer\u00e1 que los nenes matriculados en sala de 2 tendr\u00e1n prioridad en la asignaci\u00f3n de vacantes para 2027.<\/p>\n\n\n\n<p>En los fundamentos del proyecto se se\u00f1ala que la Ciudad se encuentra hoy \u201cen un contexto demogr\u00e1fico singular que abre una ventana de oportunidad para avanzar\u201d con esta legislaci\u00f3n.<\/p>\n\n\n\n<p>\u201cLa sostenida ca\u00edda de la tasa de natalidad registrada en los \u00faltimos a\u00f1os (una reducci\u00f3n del 50% en 2024 respecto a 2014) \u2014que profundiza la tendencia descendente iniciada en la d\u00e9cada anterior\u2014 genera condiciones favorables para planificar la expansi\u00f3n de la cobertura educativa en el nivel inicial, optimizando la infraestructura existente y fortaleciendo la calidad de la oferta\u201d, dice el texto.<\/p>\n","protected":false},"excerpt":{"rendered":"<p>Con la aprobaci\u00f3n por unanimidad de la ley que establece la incorporaci\u00f3n de la sala de 3 a\u00f1os a la ense\u00f1anza obligatoria, la Ciudad de Buenos Aires dio otro importante paso para fortalecer el acceso y las oportunidades de aprendizaje de los chicos, favorecer su desarrollo integral y acompa\u00f1ar a las familias en una etapa [&hellip;]<\/p>\n","protected":false},"author":2,"featured_media":95843,"comment_status":"closed","ping_status":"closed","sticky":false,"template":"","format":"standard","meta":{"jnews-multi-image_gallery":[],"jnews_single_post":{"format":"standard"},"jnews_primary_category":[],"jnews_social_meta":[],"jnews_review":[],"enable_review":"","type":"","name":"","summary":"","brand":"","sku":"","good":[],"bad":[],"score_override":"","override_value":"","rating":[],"price":[],"jnews_override_counter":[],"jnews_post_split":[],"footnotes":""},"categories":[58],"tags":[44,894,45],"class_list":["post-95842","post","type-post","status-publish","format-standard","has-post-thumbnail","hentry","category-argentina","tag-argentina","tag-ciudad-de-buenos-aires","tag-noticias"],"_links":{"self":[{"href":"https:\/\/esreviral.com\/index.php?rest_route=\/wp\/v2\/posts\/95842","targetHints":{"allow":["GET"]}}],"collection":[{"href":"https:\/\/esreviral.com\/index.php?rest_route=\/wp\/v2\/posts"}],"about":[{"href":"https:\/\/esreviral.com\/index.php?rest_route=\/wp\/v2\/types\/post"}],"author":[{"embeddable":true,"href":"https:\/\/esreviral.com\/index.php?rest_route=\/wp\/v2\/users\/2"}],"replies":[{"embeddable":true,"href":"https:\/\/esreviral.com\/index.php?rest_route=%2Fwp%2Fv2%2Fcomments&post=95842"}],"version-history":[{"count":1,"href":"https:\/\/esreviral.com\/index.php?rest_route=\/wp\/v2\/posts\/95842\/revisions"}],"predecessor-version":[{"id":95844,"href":"https:\/\/esreviral.com\/index.php?rest_route=\/wp\/v2\/posts\/95842\/revisions\/95844"}],"wp:featuredmedia":[{"embeddable":true,"href":"https:\/\/esreviral.com\/index.php?rest_route=\/wp\/v2\/media\/95843"}],"wp:attachment":[{"href":"https:\/\/esreviral.com\/index.php?rest_route=%2Fwp%2Fv2%2Fmedia&parent=95842"}],"wp:term":[{"taxonomy":"category","embeddable":true,"href":"https:\/\/esreviral.com\/index.php?rest_route=%2Fwp%2Fv2%2Fcategories&post=95842"},{"taxonomy":"post_tag","embeddable":true,"href":"https:\/\/esreviral.com\/index.php?rest_route=%2Fwp%2Fv2%2Ftags&post=95842"}],"curies":[{"name":"wp","href":"https:\/\/api.w.org\/{rel}","templated":true}]}}