{"id":95839,"date":"2026-09-03T17:20:31","date_gmt":"2026-09-03T22:20:31","guid":{"rendered":"https:\/\/esreviral.com\/?p=95839"},"modified":"2026-09-03T17:20:32","modified_gmt":"2026-09-03T22:20:32","slug":"actividades-gratuitas-para-este-fin-de-semana-en-buenos-aires","status":"publish","type":"post","link":"https:\/\/esreviral.com\/?p=95839","title":{"rendered":"Actividades gratuitas para este fin de semana en Buenos Aires"},"content":{"rendered":"\n<p><em>El alfajor m\u00e1s grande del mundo buscar\u00e1 romper el Guinness World Records en la Floralis, y habr\u00e1 mucho caf\u00e9 para acompa\u00f1arlo. Adem\u00e1s, llega la fiesta del Libro Usado y el festival para probar todas las milanesas del mundo.<\/em><\/p>\n\n\n\n<ul class=\"wp-block-list\">\n<li><strong>Caf\u00e9, Guinness y el alfajor m\u00e1s grande del mundo<\/strong><\/li>\n<\/ul>\n\n\n\n<p>Cafecito BA vuelve a la Floralis de Recoleta con m\u00e1s de veinte puestos de caf\u00e9 y opciones dulces y saladas desde $5.000. Habr\u00e1 cine y biblioteca a cielo abierto, m\u00fasica en vivo y&nbsp;<strong>la elaboraci\u00f3n en vivo del alfajor m\u00e1s grande del mundo, el s\u00e1bado, a cargo del streamer Spreen<\/strong>. El resultado contar\u00e1 con la certificaci\u00f3n de un juez oficial de Guinness World Records. Se har\u00e1 el fin de semana, de 10 a 18, en la Plaza de las Naciones Unidas (<a href=\"https:\/\/www.google.com\/maps\/search\/Av.+Presidente+Figueroa+Alcorta+2901?entry=gmail&amp;source=g\">Av. Presidente Figueroa Alcorta 2901<\/a>).<\/p>\n\n\n\n<ul class=\"wp-block-list\">\n<li><strong>La Fiesta del Libro Usado<\/strong><\/li>\n<\/ul>\n\n\n\n<p>El Centro Cultural Recoleta (Jun\u00edn 1930) aloja una nueva edici\u00f3n de la Fiesta del Libro Usado, que traer\u00e1 una feria con la m\u00e1s fina&nbsp;<strong>selecci\u00f3n de t\u00edtulos curados por las mejores librer\u00edas, charlas con figuras de la literatura argentina<\/strong>, lecturas, entrevistas, m\u00fasica en vivo y conciertos. Se har\u00e1 el s\u00e1bado y el domingo, de 12 a 19. Se suspende por lluvia.<\/p>\n\n\n\n<p><strong><em><a href=\"https:\/\/chat.whatsapp.com\/JnvvyG03WzlH2yM1FrSOa8\">\u00daNETE AL CANAL DE WHATSAPP PARA ESTAR INFORMADO<\/a><\/em><\/strong><\/p>\n\n\n\n<figure class=\"wp-block-image size-large\"><img decoding=\"async\" src=\"https:\/\/ci3.googleusercontent.com\/meips\/ADKq_NaCiLooCwXlQ3yBxg1l9MsqJI7rAOt-hxVMoDeMKT2bCLhhyr3szf7ZqiFLMv2MMqCU8jeO-CZ3ypCZyxelb3C1UcMuEryo7YhEvyAFOkPtaKgIj3SvtgSk=s0-d-e1-ft#https:\/\/app2.dopplerfiles.com\/Users\/160762\/Shared\/Cafecito.jpg.jpeg\" alt=\"\"\/><\/figure>\n\n\n\n<ul class=\"wp-block-list\">\n<li><strong>El festival de las cien milanesas<\/strong><\/li>\n<\/ul>\n\n\n\n<p>Schnitzel, cotoletta, escalope: este fin de semana una treintena de food trucks y stands ofrecer\u00e1n m\u00e1s de cien variedades de&nbsp;<strong>milanesas, desde las cl\u00e1sicas de bodeg\u00f3n hasta las versiones de autor<\/strong>. Se realizar\u00e1 en el Hip\u00f3dromo de Palermo (Av. Del Libertador y Av. Dorrego) este s\u00e1bado y domingo, de 12 a 20.<\/p>\n\n\n\n<p><a href=\"https:\/\/t.me\/esreviral\"><strong><em>\u00daNETE AL CANAL DE TELEGRAM PARA ESTAR INFORMADO<\/em><\/strong><\/a><\/p>\n\n\n\n<ul class=\"wp-block-list\">\n<li><strong>El fileteado se re\u00fane en el Museo de la Ciudad<\/strong><\/li>\n<\/ul>\n\n\n\n<p>En el marco del&nbsp;<strong>D\u00eda del Fileteador<\/strong>, el Museo de la Ciudad (Defensa 187) reunir\u00e1 artistas de todo el pa\u00eds y abrir\u00e1 una exposici\u00f3n que rinde homenaje a los maestros que marcaron el camino, a quienes hoy mantienen vivo el oficio y a las nuevas generaciones. Tambi\u00e9n habr\u00e1 charlas y una visita guiada. Ser\u00e1 este s\u00e1bado a las 15.<\/p>\n\n\n\n<ul class=\"wp-block-list\">\n<li><strong>Caperucita se adentra en el bosque<\/strong><\/li>\n<\/ul>\n\n\n\n<p>Caperucita Roja y su abuela emprenden un viaje a un mundo de fantas\u00eda para devolverle el color y la alegr\u00eda. La obra, con libro, letras y direcci\u00f3n general de Chacho Garabal, combina&nbsp;<strong>m\u00fasica original, humor y aventuras<\/strong>. Se presentar\u00e1 el domingo a las 17.30 en la Usina del Arte (Caffarena 1). Las entradas se reservan en&nbsp;<a href=\"https:\/\/lt.mydplr.com\/d52bcd02e3019ec48180569ea32948c1-3523ed1b7c765c2ed4553be6ca72846c\" target=\"_blank\" rel=\"noreferrer noopener\"><u>usinadelarte.ar<\/u><\/a>.<\/p>\n\n\n\n<ul class=\"wp-block-list\">\n<li><strong>La Sinf\u00f3nica a pura Italia<\/strong><\/li>\n<\/ul>\n\n\n\n<p>El Centro Cultural 25 de Mayo (<a href=\"https:\/\/www.google.com\/maps\/search\/Av.+Triunvirato+4444?entry=gmail&amp;source=g\">Av. Triunvirato 4444<\/a>) tendr\u00e1 un fin de semana a pura orquesta: el viernes se presentar\u00e1 la Banda Sinf\u00f3nica de la Ciudad con un programa dedicado a las&nbsp;<strong>grandes bandas sonoras del cine italiano<\/strong>. El s\u00e1bado, ser\u00e1 el turno de la Orquesta del Tango de Buenos Aires, bajo la direcci\u00f3n de N\u00e9stor Marconi y Juan Carlos Cuacci. Ambos conciertos ser\u00e1n a las 20 y con reserva previa a trav\u00e9s de&nbsp;<a href=\"https:\/\/lt.mydplr.com\/e1f54ecd1bd26153fedca524833c0939-3523ed1b7c765c2ed4553be6ca72846c\" target=\"_blank\" rel=\"noreferrer noopener\"><u>cc25.org<\/u><\/a>.<\/p>\n\n\n\n<ul class=\"wp-block-list\">\n<li><strong>La Filarm\u00f3nica y Mendelssohn en la Usina<\/strong><\/li>\n<\/ul>\n\n\n\n<p>La Orquesta Filarm\u00f3nica de la Ciudad se presentar\u00e1 en la Usina del Arte (Caffarena 1) este viernes a las 20, bajo la direcci\u00f3n de Pablo Druker. El programa estar\u00e1 integrado por&nbsp;<strong>obras de Edvard Grieg y Felix Mendelssohn<\/strong>. Las entradas podr\u00e1n retirarse el jueves en la boleter\u00eda del Teatro Col\u00f3n (Tucum\u00e1n 1171), a partir de las 9, y el viernes en la Usina desde las 18.<\/p>\n\n\n\n<ul class=\"wp-block-list\">\n<li><strong>Mirar el precipicio a los ojos<\/strong><\/li>\n<\/ul>\n\n\n\n<p>El Teatro San Mart\u00edn (<a href=\"https:\/\/www.google.com\/maps\/search\/Av.+Corrientes+1530?entry=gmail&amp;source=g\">Av. Corrientes 1530<\/a>) estrenar\u00e1 El precipicio, una obra que narra la historia de dos mujeres que se encuentran en distintos momentos del recorrido hacia el final. Con humor, lucidez y desde una perspectiva femenina, propone una&nbsp;<strong>reflexi\u00f3n \u00edntima sobre la vejez y la muerte<\/strong>. Se subir\u00e1 al escenario este s\u00e1bado y habr\u00e1 funciones de jueves a domingos. Las localidades est\u00e1n disponibles en<a href=\"https:\/\/lt.mydplr.com\/9706c702754fb12606541b24c4dfacf1-3523ed1b7c765c2ed4553be6ca72846c\" target=\"_blank\" rel=\"noreferrer noopener\"><u>&nbsp;complejoteatral.gob.ar<\/u><\/a>.<\/p>\n\n\n\n<p><\/p>\n","protected":false},"excerpt":{"rendered":"<p>El alfajor m\u00e1s grande del mundo buscar\u00e1 romper el Guinness World Records en la Floralis, y habr\u00e1 mucho caf\u00e9 para acompa\u00f1arlo. Adem\u00e1s, llega la fiesta del Libro Usado y el festival para probar todas las milanesas del mundo. Cafecito BA vuelve a la Floralis de Recoleta con m\u00e1s de veinte puestos de caf\u00e9 y opciones [&hellip;]<\/p>\n","protected":false},"author":2,"featured_media":95840,"comment_status":"closed","ping_status":"closed","sticky":false,"template":"","format":"standard","meta":{"jnews-multi-image_gallery":[],"jnews_single_post":{"format":"standard"},"jnews_primary_category":[],"jnews_social_meta":[],"jnews_review":[],"enable_review":"","type":"","name":"","summary":"","brand":"","sku":"","good":[],"bad":[],"score_override":"","override_value":"","rating":[],"price":[],"jnews_override_counter":[],"jnews_post_split":[],"footnotes":""},"categories":[58],"tags":[44,894,45],"class_list":["post-95839","post","type-post","status-publish","format-standard","has-post-thumbnail","hentry","category-argentina","tag-argentina","tag-ciudad-de-buenos-aires","tag-noticias"],"_links":{"self":[{"href":"https:\/\/esreviral.com\/index.php?rest_route=\/wp\/v2\/posts\/95839","targetHints":{"allow":["GET"]}}],"collection":[{"href":"https:\/\/esreviral.com\/index.php?rest_route=\/wp\/v2\/posts"}],"about":[{"href":"https:\/\/esreviral.com\/index.php?rest_route=\/wp\/v2\/types\/post"}],"author":[{"embeddable":true,"href":"https:\/\/esreviral.com\/index.php?rest_route=\/wp\/v2\/users\/2"}],"replies":[{"embeddable":true,"href":"https:\/\/esreviral.com\/index.php?rest_route=%2Fwp%2Fv2%2Fcomments&post=95839"}],"version-history":[{"count":1,"href":"https:\/\/esreviral.com\/index.php?rest_route=\/wp\/v2\/posts\/95839\/revisions"}],"predecessor-version":[{"id":95841,"href":"https:\/\/esreviral.com\/index.php?rest_route=\/wp\/v2\/posts\/95839\/revisions\/95841"}],"wp:featuredmedia":[{"embeddable":true,"href":"https:\/\/esreviral.com\/index.php?rest_route=\/wp\/v2\/media\/95840"}],"wp:attachment":[{"href":"https:\/\/esreviral.com\/index.php?rest_route=%2Fwp%2Fv2%2Fmedia&parent=95839"}],"wp:term":[{"taxonomy":"category","embeddable":true,"href":"https:\/\/esreviral.com\/index.php?rest_route=%2Fwp%2Fv2%2Fcategories&post=95839"},{"taxonomy":"post_tag","embeddable":true,"href":"https:\/\/esreviral.com\/index.php?rest_route=%2Fwp%2Fv2%2Ftags&post=95839"}],"curies":[{"name":"wp","href":"https:\/\/api.w.org\/{rel}","templated":true}]}}