{"id":95822,"date":"2026-09-03T09:13:57","date_gmt":"2026-09-03T14:13:57","guid":{"rendered":"https:\/\/esreviral.com\/?p=95822"},"modified":"2026-09-03T09:13:58","modified_gmt":"2026-09-03T14:13:58","slug":"un-sismo-de-58-se-registro-al-sur-de-chile","status":"publish","type":"post","link":"https:\/\/esreviral.com\/?p=95822","title":{"rendered":"Un Sismo de 5,8 se registr\u00f3 al sur de Chile"},"content":{"rendered":"\n<p>Un sismo de magnitud&nbsp;5,8&nbsp;se registr\u00f3 durante la ma\u00f1ana de este mi\u00e9rcoles 2 de septiembre, a unos&nbsp;880 kil\u00f3metros al sur de Isla de Pascua, seg\u00fan la informaci\u00f3n preliminar del Centro Alem\u00e1n de Investigaci\u00f3n en Geociencias, GEOFON.<\/p>\n\n\n\n<p>El movimiento ocurri\u00f3 a las&nbsp;08:35 horas, hora continental de Chile, y tuvo su epicentro en las coordenadas 35\u00b005\u2032 de latitud sur y 109\u00b005\u2032 de longitud oeste.<\/p>\n\n\n\n<p>Tras la evaluaci\u00f3n de las caracter\u00edsticas del sismo, el Servicio Hidrogr\u00e1fico y Oceanogr\u00e1fico de la Armada, SHOA, inform\u00f3 que&nbsp;el evento no re\u00fane las condiciones necesarias para generar un tsunami en las costas de Chile.<\/p>\n\n\n\n<p>La autoridad mar\u00edtima precis\u00f3 que, en caso de que SENAPRED haya decretado alguna evacuaci\u00f3n preventiva, esta deber\u00e1 mantenerse hasta que sea oficialmente cancelada.<\/p>\n\n\n\n<p>Hasta el momento, el SHOA mantiene su monitoreo sobre la situaci\u00f3n.<\/p>\n\n\n\n<p><\/p>\n","protected":false},"excerpt":{"rendered":"<p>Un sismo de magnitud&nbsp;5,8&nbsp;se registr\u00f3 durante la ma\u00f1ana de este mi\u00e9rcoles 2 de septiembre, a unos&nbsp;880 kil\u00f3metros al sur de Isla de Pascua, seg\u00fan la informaci\u00f3n preliminar del Centro Alem\u00e1n de Investigaci\u00f3n en Geociencias, GEOFON. El movimiento ocurri\u00f3 a las&nbsp;08:35 horas, hora continental de Chile, y tuvo su epicentro en las coordenadas 35\u00b005\u2032 de latitud [&hellip;]<\/p>\n","protected":false},"author":2,"featured_media":95823,"comment_status":"closed","ping_status":"closed","sticky":false,"template":"","format":"standard","meta":{"jnews-multi-image_gallery":[],"jnews_single_post":{"format":"standard"},"jnews_primary_category":[],"jnews_social_meta":[],"jnews_review":[],"enable_review":"","type":"","name":"","summary":"","brand":"","sku":"","good":[],"bad":[],"score_override":"","override_value":"","rating":[],"price":[],"jnews_override_counter":[],"jnews_post_split":[],"footnotes":""},"categories":[88],"tags":[386,498,499],"class_list":["post-95822","post","type-post","status-publish","format-standard","has-post-thumbnail","hentry","category-internacionales","tag-chile","tag-sismo","tag-temblor"],"_links":{"self":[{"href":"https:\/\/esreviral.com\/index.php?rest_route=\/wp\/v2\/posts\/95822","targetHints":{"allow":["GET"]}}],"collection":[{"href":"https:\/\/esreviral.com\/index.php?rest_route=\/wp\/v2\/posts"}],"about":[{"href":"https:\/\/esreviral.com\/index.php?rest_route=\/wp\/v2\/types\/post"}],"author":[{"embeddable":true,"href":"https:\/\/esreviral.com\/index.php?rest_route=\/wp\/v2\/users\/2"}],"replies":[{"embeddable":true,"href":"https:\/\/esreviral.com\/index.php?rest_route=%2Fwp%2Fv2%2Fcomments&post=95822"}],"version-history":[{"count":1,"href":"https:\/\/esreviral.com\/index.php?rest_route=\/wp\/v2\/posts\/95822\/revisions"}],"predecessor-version":[{"id":95824,"href":"https:\/\/esreviral.com\/index.php?rest_route=\/wp\/v2\/posts\/95822\/revisions\/95824"}],"wp:featuredmedia":[{"embeddable":true,"href":"https:\/\/esreviral.com\/index.php?rest_route=\/wp\/v2\/media\/95823"}],"wp:attachment":[{"href":"https:\/\/esreviral.com\/index.php?rest_route=%2Fwp%2Fv2%2Fmedia&parent=95822"}],"wp:term":[{"taxonomy":"category","embeddable":true,"href":"https:\/\/esreviral.com\/index.php?rest_route=%2Fwp%2Fv2%2Fcategories&post=95822"},{"taxonomy":"post_tag","embeddable":true,"href":"https:\/\/esreviral.com\/index.php?rest_route=%2Fwp%2Fv2%2Ftags&post=95822"}],"curies":[{"name":"wp","href":"https:\/\/api.w.org\/{rel}","templated":true}]}}