{"id":95816,"date":"2026-09-03T08:31:10","date_gmt":"2026-09-03T13:31:10","guid":{"rendered":"https:\/\/esreviral.com\/?p=95816"},"modified":"2026-09-03T08:31:12","modified_gmt":"2026-09-03T13:31:12","slug":"hablaron-los-padres-de-tini-stoessel-y-la-polemica-sigue","status":"publish","type":"post","link":"https:\/\/esreviral.com\/?p=95816","title":{"rendered":"Hablaron los padres de Tini Stoessel y la pol\u00e9mica sigue"},"content":{"rendered":"\n<p>En plena pol\u00e9mica por las versiones sobre una supuesta interna familiar entre Tini Stoessel y su padre, Alejandro Stoessel, por el manejo de su patrimonio, Mariana Muzlera, madre de la artista, y el propio Stoessel <strong>rompieron el silencio y aseguraron que ambos siempre priorizaron a sus hijos.<\/strong><\/p>\n\n\n\n<p>Tanto la madre de la cantante como el productor tuvieron un intercambio de mensajes p or WhatsApp c on Moria Cas\u00e1n, luego de una serie de declaraciones que la conductora hizo sobre la situaci\u00f3n familiar. Muzlera le agrade &#8211; ci\u00f3 el respaldo que recibi\u00f3 y manifest\u00f3 el malestar que le generan l as declaraciones que circulan sobre la familia. \u201cGracias, Moria, por tus palabras hacia nosotros. Amamos a nuestros hijos y jam\u00e1s har\u00edamos nada para lastimarlos\u201d, escribi\u00f3 Muzlera.<\/p>\n\n\n\n<p>En los mensajes, la mam\u00e1 de la ex Violetta tambi\u00e9n cuestion\u00f3 algunas de las informaciones que se difundieron sobre el rol del padre de su hija en el manejo de las finanzas de la artista. \u201c<strong>Yo pongo las manos en el fuego por Ale, es el tipo m\u00e1s honesto que conoc\u00ed\u201d,<\/strong> resalt\u00f3.<\/p>\n\n\n\n<p>Alejandro Stoessel tambi\u00e9n intercambi\u00f3 mensajes con Cas\u00e1n: <strong>\u201cHola, Moria, solo quiero agradecerte por las palabras que me regalaste en un momento en el que solo recibo difamaciones y agresiones. Amo a mis hijos con todo mi ser y jam\u00e1s podr\u00eda hacerles da\u00f1o\u201d,<\/strong> mencion\u00f3.<\/p>\n\n\n\n<p>Y luego sum\u00f3: \u201c<strong>Este no es el momento para que hable, pero cuando decida hacerlo, va a ser con vos\u201d<\/strong>, adelant\u00f3.<\/p>\n\n\n\n<p>Los mensajes tuvieron lugar despu\u00e9s de que Cas\u00e1n analizara el conflicto familiar en su programa. La conductora hab\u00eda planteado que, a su entender, los padres de la artista podr\u00edan haber tenido una actitud de excesiva protecci\u00f3n hacia su hija a lo largo de los a\u00f1os.<\/p>\n\n\n\n<p>Por otro lado, d\u00edas atr\u00e1s Alejandro Stoessel tambi\u00e9n qued\u00f3 en el centro de la pol\u00e9mica por otro episodio, luego de que circularan im\u00e1genes registradas frente a la vivienda familiar. En el ciclo Primicias<\/p>\n\n\n\n<p>Ya (Am\u00e9rica TV), se\u00f1alaron que hab\u00eda sido el padre de Tini quien hab\u00eda arrojado piedras a los cronistas que se encontraban en el lugar. Muzlera respondi\u00f3 con duras cr\u00edticas.&nbsp;<\/p>\n\n\n\n<p class=\"has-text-align-right\"><strong><em>La Naci\u00f3n.-<\/em><\/strong><\/p>\n","protected":false},"excerpt":{"rendered":"<p>En plena pol\u00e9mica por las versiones sobre una supuesta interna familiar entre Tini Stoessel y su padre, Alejandro Stoessel, por el manejo de su patrimonio, Mariana Muzlera, madre de la artista, y el propio Stoessel rompieron el silencio y aseguraron que ambos siempre priorizaron a sus hijos. Tanto la madre de la cantante como el [&hellip;]<\/p>\n","protected":false},"author":2,"featured_media":95817,"comment_status":"closed","ping_status":"closed","sticky":false,"template":"","format":"standard","meta":{"jnews-multi-image_gallery":[],"jnews_single_post":{"format":"standard"},"jnews_primary_category":[],"jnews_social_meta":[],"jnews_review":[],"enable_review":"","type":"","name":"","summary":"","brand":"","sku":"","good":[],"bad":[],"score_override":"","override_value":"","rating":[],"price":[],"jnews_override_counter":[],"jnews_post_split":[],"footnotes":""},"categories":[50],"tags":[45,5962],"class_list":["post-95816","post","type-post","status-publish","format-standard","has-post-thumbnail","hentry","category-entretenimiento","tag-noticias","tag-tini-stoessel"],"_links":{"self":[{"href":"https:\/\/esreviral.com\/index.php?rest_route=\/wp\/v2\/posts\/95816","targetHints":{"allow":["GET"]}}],"collection":[{"href":"https:\/\/esreviral.com\/index.php?rest_route=\/wp\/v2\/posts"}],"about":[{"href":"https:\/\/esreviral.com\/index.php?rest_route=\/wp\/v2\/types\/post"}],"author":[{"embeddable":true,"href":"https:\/\/esreviral.com\/index.php?rest_route=\/wp\/v2\/users\/2"}],"replies":[{"embeddable":true,"href":"https:\/\/esreviral.com\/index.php?rest_route=%2Fwp%2Fv2%2Fcomments&post=95816"}],"version-history":[{"count":1,"href":"https:\/\/esreviral.com\/index.php?rest_route=\/wp\/v2\/posts\/95816\/revisions"}],"predecessor-version":[{"id":95818,"href":"https:\/\/esreviral.com\/index.php?rest_route=\/wp\/v2\/posts\/95816\/revisions\/95818"}],"wp:featuredmedia":[{"embeddable":true,"href":"https:\/\/esreviral.com\/index.php?rest_route=\/wp\/v2\/media\/95817"}],"wp:attachment":[{"href":"https:\/\/esreviral.com\/index.php?rest_route=%2Fwp%2Fv2%2Fmedia&parent=95816"}],"wp:term":[{"taxonomy":"category","embeddable":true,"href":"https:\/\/esreviral.com\/index.php?rest_route=%2Fwp%2Fv2%2Fcategories&post=95816"},{"taxonomy":"post_tag","embeddable":true,"href":"https:\/\/esreviral.com\/index.php?rest_route=%2Fwp%2Fv2%2Ftags&post=95816"}],"curies":[{"name":"wp","href":"https:\/\/api.w.org\/{rel}","templated":true}]}}