{"id":95813,"date":"2026-09-02T18:42:00","date_gmt":"2026-09-02T23:42:00","guid":{"rendered":"https:\/\/esreviral.com\/?p=95813"},"modified":"2026-09-02T18:42:01","modified_gmt":"2026-09-02T23:42:01","slug":"las-condiciones-de-argentina-para-reabrir-la-embajada-venezolana","status":"publish","type":"post","link":"https:\/\/esreviral.com\/?p=95813","title":{"rendered":"Las condiciones de Argentina para reabrir la embajada venezolana"},"content":{"rendered":"\n<p> El Gobierno de Javier Milei <strong>fren\u00f3 por el momento cualquier posibilidad de reabrir la embajada argentina en Caracas y estableci\u00f3 como requisito indispensable para avanzar hacia una normalizaci\u00f3n<\/strong> de las relaciones diplom\u00e1ticas que existan garant\u00edas claras de restablecimiento de la democracia en Venezuela. <em>\u00abHasta que no se restablezca la democracia, dif\u00edcil\u00bb<\/em>, indicaron fuentes de la Casa Rosada.<\/p>\n\n\n\n<p>Aunque en los \u00faltimos meses se reactivaron determinados canales de comunicaci\u00f3n \u2014impulsados en parte por la asistencia brindada por la Argentina tras los terremotos de junio\u2014, la administraci\u00f3n nacional mantiene una tajante distinci\u00f3n entre la gesti\u00f3n de asuntos operativos, consulares y humanitarios y un reconocimiento pol\u00edtico pleno de las autoridades actuales de ese pa\u00eds.<\/p>\n\n\n\n<h3 class=\"wp-block-heading\"><strong><mark style=\"background-color:rgba(0, 0, 0, 0)\" class=\"has-inline-color has-vivid-red-color\">Antecedentes y nuevo escenario pol\u00edtico<\/mark><\/strong><\/h3>\n\n\n\n<p>Los v\u00ednculos bilaterales hab\u00edan q<strong>uedado pr\u00e1cticamente interrumpidos tras los comicios venezolanos de 2024 y la postura frontal adoptada por el presidente Javier Milei frente al r\u00e9gimen de Nicol\u00e1s Maduro. <\/strong>No obstante, la asunci\u00f3n de Delcy Rodr\u00edguez en la conducci\u00f3n interina modific\u00f3 el escenario geopol\u00edtico regional y propici\u00f3 la apertura de nuevos intercambios.<\/p>\n\n\n\n<p>En paralelo, la Casa Rosada acompa\u00f1a la estrategia impulsada por Donald Trump de cara a una transici\u00f3n en Venezuela, reiterando que cualquier paso firme en el plano diplom\u00e1tico estar\u00e1 atado estrictamente al respeto de las libertades civiles, la transparencia electoral y la efectiva restituci\u00f3n del orden democr\u00e1tico.<\/p>\n\n\n\n<figure class=\"wp-block-embed is-type-video is-provider-youtube wp-block-embed-youtube wp-embed-aspect-16-9 wp-has-aspect-ratio\"><div class=\"wp-block-embed__wrapper\">\n<div class=\"jeg_video_container jeg_video_content\"><iframe title=\"Lo que est\u00e1 pasando en la embajada venezolana en Argentina\" width=\"500\" height=\"281\" src=\"https:\/\/www.youtube.com\/embed\/Z7r_CvDMQts?feature=oembed\" frameborder=\"0\" allow=\"accelerometer; autoplay; clipboard-write; encrypted-media; gyroscope; picture-in-picture; web-share\" referrerpolicy=\"strict-origin-when-cross-origin\" allowfullscreen><\/iframe><\/div>\n<\/div><\/figure>\n","protected":false},"excerpt":{"rendered":"<p>El Gobierno de Javier Milei fren\u00f3 por el momento cualquier posibilidad de reabrir la embajada argentina en Caracas y estableci\u00f3 como requisito indispensable para avanzar hacia una normalizaci\u00f3n de las relaciones diplom\u00e1ticas que existan garant\u00edas claras de restablecimiento de la democracia en Venezuela. \u00abHasta que no se restablezca la democracia, dif\u00edcil\u00bb, indicaron fuentes de la [&hellip;]<\/p>\n","protected":false},"author":2,"featured_media":95814,"comment_status":"closed","ping_status":"closed","sticky":false,"template":"","format":"standard","meta":{"jnews-multi-image_gallery":[],"jnews_single_post":{"format":"standard"},"jnews_primary_category":[],"jnews_social_meta":[],"jnews_review":[],"enable_review":"","type":"","name":"","summary":"","brand":"","sku":"","good":[],"bad":[],"score_override":"","override_value":"","rating":[],"price":[],"jnews_override_counter":[],"jnews_post_split":[],"footnotes":""},"categories":[58,5892],"tags":[44,1158,45,67,56],"class_list":["post-95813","post","type-post","status-publish","format-standard","has-post-thumbnail","hentry","category-argentina","category-venezolanos-en-argentina","tag-argentina","tag-javier-milei","tag-noticias","tag-venezolanos-en-argentina","tag-venezuela"],"_links":{"self":[{"href":"https:\/\/esreviral.com\/index.php?rest_route=\/wp\/v2\/posts\/95813","targetHints":{"allow":["GET"]}}],"collection":[{"href":"https:\/\/esreviral.com\/index.php?rest_route=\/wp\/v2\/posts"}],"about":[{"href":"https:\/\/esreviral.com\/index.php?rest_route=\/wp\/v2\/types\/post"}],"author":[{"embeddable":true,"href":"https:\/\/esreviral.com\/index.php?rest_route=\/wp\/v2\/users\/2"}],"replies":[{"embeddable":true,"href":"https:\/\/esreviral.com\/index.php?rest_route=%2Fwp%2Fv2%2Fcomments&post=95813"}],"version-history":[{"count":1,"href":"https:\/\/esreviral.com\/index.php?rest_route=\/wp\/v2\/posts\/95813\/revisions"}],"predecessor-version":[{"id":95815,"href":"https:\/\/esreviral.com\/index.php?rest_route=\/wp\/v2\/posts\/95813\/revisions\/95815"}],"wp:featuredmedia":[{"embeddable":true,"href":"https:\/\/esreviral.com\/index.php?rest_route=\/wp\/v2\/media\/95814"}],"wp:attachment":[{"href":"https:\/\/esreviral.com\/index.php?rest_route=%2Fwp%2Fv2%2Fmedia&parent=95813"}],"wp:term":[{"taxonomy":"category","embeddable":true,"href":"https:\/\/esreviral.com\/index.php?rest_route=%2Fwp%2Fv2%2Fcategories&post=95813"},{"taxonomy":"post_tag","embeddable":true,"href":"https:\/\/esreviral.com\/index.php?rest_route=%2Fwp%2Fv2%2Ftags&post=95813"}],"curies":[{"name":"wp","href":"https:\/\/api.w.org\/{rel}","templated":true}]}}