{"id":95808,"date":"2026-09-02T12:57:04","date_gmt":"2026-09-02T17:57:04","guid":{"rendered":"https:\/\/esreviral.com\/?p=95808"},"modified":"2026-09-02T12:59:12","modified_gmt":"2026-09-02T17:59:12","slug":"familia-venezolana-requiere-colaboracion-para-darle-cristiana-sepultura-a-una-de-sus-integrantes-en-argentina","status":"publish","type":"post","link":"https:\/\/esreviral.com\/?p=95808","title":{"rendered":"Familia venezolana requiere colaboraci\u00f3n para darle cristiana sepultura a una de sus integrantes en Argentina"},"content":{"rendered":"\n<p>La familia de Beda Magaly Alvarenga, de 76 a\u00f1os de edad, atraviesa uno de los momentos m\u00e1s dolorosos de su vida y hoy necesita de la solidaridad de la comunidad venezolana en Argentina.<\/p>\n\n\n\n<p><strong>Beda lleg\u00f3 a Argentina en octubre de 2023, <\/strong>buscando junto a su familia una nueva oportunidad. Sin embargo, en los \u00faltimos meses su estado de salud se fue deteriorando de manera progresiva.<\/p>\n\n\n\n<p><strong><em><a href=\"https:\/\/chat.whatsapp.com\/JnvvyG03WzlH2yM1FrSOa8\">\u00daNETE AL CANAL DE WHATSAPP PARA ESTAR INFORMADO<\/a><\/em><\/strong><\/p>\n\n\n\n<p>Todo comenz\u00f3 con un fuerte dolor en el nervio ci\u00e1tico que, con el paso del tiempo, le impidi\u00f3 caminar. Su cuadro se complic\u00f3 con anemia y cirrosis hep\u00e1tica avanzada, adem\u00e1s de acumulaci\u00f3n de l\u00edquido en el abdomen que deb\u00eda ser drenado peri\u00f3dicamente.<\/p>\n\n\n\n<p>A esto se sumaron infecciones bacterianas, infecciones urinarias recurrentes, episodios de desorientaci\u00f3n, hipertensi\u00f3n y finalmente una falla renal.<\/p>\n\n\n\n<p>En sus \u00faltimos d\u00edas, Beda sufri\u00f3 adem\u00e1s graves escaras y complicaciones que requirieron intervenci\u00f3n m\u00e9dica. Sus ri\u00f1ones dejaron de funcionar y, ante la gravedad de su estado, los m\u00e9dicos decidieron sedarla.<\/p>\n\n\n\n<p>Poco a poco su cuerpo dej\u00f3 de responder\u2026 hasta que finalmente Beda parti\u00f3. \ud83e\udec2\ud83d\udda4<\/p>\n\n\n\n<figure class=\"wp-block-image size-large\"><img fetchpriority=\"high\" decoding=\"async\" width=\"826\" height=\"1024\" src=\"https:\/\/esreviral.com\/wp-content\/uploads\/2026\/09\/Captura-de-pantalla-2026-09-02-a-la_s_-2.55.46-p.-m-826x1024.webp\" alt=\"\" class=\"wp-image-95810\" srcset=\"https:\/\/esreviral.com\/wp-content\/uploads\/2026\/09\/Captura-de-pantalla-2026-09-02-a-la_s_-2.55.46-p.-m-826x1024.webp 826w, https:\/\/esreviral.com\/wp-content\/uploads\/2026\/09\/Captura-de-pantalla-2026-09-02-a-la_s_-2.55.46-p.-m-242x300.webp 242w, https:\/\/esreviral.com\/wp-content\/uploads\/2026\/09\/Captura-de-pantalla-2026-09-02-a-la_s_-2.55.46-p.-m-768x952.webp 768w, https:\/\/esreviral.com\/wp-content\/uploads\/2026\/09\/Captura-de-pantalla-2026-09-02-a-la_s_-2.55.46-p.-m-1239x1536.webp 1239w, https:\/\/esreviral.com\/wp-content\/uploads\/2026\/09\/Captura-de-pantalla-2026-09-02-a-la_s_-2.55.46-p.-m.webp 1278w\" sizes=\"(max-width: 826px) 100vw, 826px\" \/><\/figure>\n\n\n\n<p>Hoy su familia enfrenta, <strong>adem\u00e1s del inmenso dolor de su p\u00e9rdida, una situaci\u00f3n que muchos migrantes conocen demasiado bien: no contar con los recursos suficientes para afrontar los gastos de una sepultura digna.<\/strong><\/p>\n\n\n\n<p>Por eso hacen un llamado a la solidaridad.<\/p>\n\n\n\n<p><a href=\"https:\/\/t.me\/esreviral\"><strong><em>\u00daNETE AL CANAL DE TELEGRAM PARA ESTAR INFORMADO<\/em><\/strong><\/a><\/p>\n\n\n\n<p>\ud83d\ude4f Cada aporte, por peque\u00f1o que sea, puede ayudar a que Beda tenga una despedida digna y a que su familia pueda atravesar este momento con un poco menos de angustia.<\/p>\n\n\n\n<p>Si no puedes colaborar econ\u00f3micamente, compartir esta publicaci\u00f3n tambi\u00e9n es una manera de ayudar.<\/p>\n\n\n\n<p> Hoy una familia venezolana necesita de nosotros.<\/p>\n\n\n\n<p><strong>DATOS PARA COLABORAR<\/strong><\/p>\n\n\n\n<p>\ud83d\udc64 Nombre: Beda Magaly Alvarenga<br>\ud83d\udcb3 Alias: lalyfood.mp<br>\ud83c\udfe6 CVU: 0000003100013059363200<\/p>\n","protected":false},"excerpt":{"rendered":"<p>La familia de Beda Magaly Alvarenga, de 76 a\u00f1os de edad, atraviesa uno de los momentos m\u00e1s dolorosos de su vida y hoy necesita de la solidaridad de la comunidad venezolana en Argentina. Beda lleg\u00f3 a Argentina en octubre de 2023, buscando junto a su familia una nueva oportunidad. Sin embargo, en los \u00faltimos meses [&hellip;]<\/p>\n","protected":false},"author":2,"featured_media":95809,"comment_status":"closed","ping_status":"closed","sticky":false,"template":"","format":"standard","meta":{"jnews-multi-image_gallery":[],"jnews_single_post":{"format":"standard"},"jnews_primary_category":[],"jnews_social_meta":[],"jnews_review":[],"enable_review":"","type":"","name":"","summary":"","brand":"","sku":"","good":[],"bad":[],"score_override":"","override_value":"","rating":[],"price":[],"jnews_override_counter":[],"jnews_post_split":[],"footnotes":""},"categories":[5892],"tags":[44811,45,201,67],"class_list":["post-95808","post","type-post","status-publish","format-standard","has-post-thumbnail","hentry","category-venezolanos-en-argentina","tag-beda-magaly-alvarenga","tag-noticias","tag-servicio-publico","tag-venezolanos-en-argentina"],"_links":{"self":[{"href":"https:\/\/esreviral.com\/index.php?rest_route=\/wp\/v2\/posts\/95808","targetHints":{"allow":["GET"]}}],"collection":[{"href":"https:\/\/esreviral.com\/index.php?rest_route=\/wp\/v2\/posts"}],"about":[{"href":"https:\/\/esreviral.com\/index.php?rest_route=\/wp\/v2\/types\/post"}],"author":[{"embeddable":true,"href":"https:\/\/esreviral.com\/index.php?rest_route=\/wp\/v2\/users\/2"}],"replies":[{"embeddable":true,"href":"https:\/\/esreviral.com\/index.php?rest_route=%2Fwp%2Fv2%2Fcomments&post=95808"}],"version-history":[{"count":2,"href":"https:\/\/esreviral.com\/index.php?rest_route=\/wp\/v2\/posts\/95808\/revisions"}],"predecessor-version":[{"id":95812,"href":"https:\/\/esreviral.com\/index.php?rest_route=\/wp\/v2\/posts\/95808\/revisions\/95812"}],"wp:featuredmedia":[{"embeddable":true,"href":"https:\/\/esreviral.com\/index.php?rest_route=\/wp\/v2\/media\/95809"}],"wp:attachment":[{"href":"https:\/\/esreviral.com\/index.php?rest_route=%2Fwp%2Fv2%2Fmedia&parent=95808"}],"wp:term":[{"taxonomy":"category","embeddable":true,"href":"https:\/\/esreviral.com\/index.php?rest_route=%2Fwp%2Fv2%2Fcategories&post=95808"},{"taxonomy":"post_tag","embeddable":true,"href":"https:\/\/esreviral.com\/index.php?rest_route=%2Fwp%2Fv2%2Ftags&post=95808"}],"curies":[{"name":"wp","href":"https:\/\/api.w.org\/{rel}","templated":true}]}}