{"id":95803,"date":"2026-09-02T08:20:58","date_gmt":"2026-09-02T13:20:58","guid":{"rendered":"https:\/\/esreviral.com\/?p=95803"},"modified":"2026-09-02T08:20:59","modified_gmt":"2026-09-02T13:20:59","slug":"secaban-la-ropa-con-el-calor-del-horno-y-el-monoxido-de-carbono-acabo-con-sus-vidas-en-buenos-aires","status":"publish","type":"post","link":"https:\/\/esreviral.com\/?p=95803","title":{"rendered":"Secaban la ropa con el calor del horno y el mon\u00f3xido de carbono acab\u00f3 con sus vidas en Buenos Aires"},"content":{"rendered":"\n<p>Un ni\u00f1o de nueve a\u00f1os de edad y su madre fallecieron este lunes en el barrio de Palermo de Buenos Aires por la intoxicaci\u00f3n de mon\u00f3xido de carbono. Una situaci\u00f3n que se repite cada a\u00f1o para esta temporada. Seg\u00fan inform\u00f3 el SAME, el operativo se llev\u00f3 a cabo en un edificio de Avenida C\u00f3rdoba 4692, cerca de la esquina con Malabia y a menos de una cuadra de la avenida Scalabrini Ort\u00edz. Se trata de una construcci\u00f3n de once pisos de altura y el incidente se produjo en un departamento del segundo piso.<\/p>\n\n\n\n<p>En este terrible episodio tambi\u00e9n estuvo involucrada una adolescente quien logr\u00f3 ser rescatada a tiempo y se encuentra hospitalizada. <\/p>\n\n\n\n<p><strong><em><a href=\"https:\/\/chat.whatsapp.com\/JnvvyG03WzlH2yM1FrSOa8\">\u00daNETE AL CANAL DE WHATSAPP PARA ESTAR INFORMADO<\/a><\/em><\/strong><\/p>\n\n\n\n<p>Seg\u00fan fuentes de la investigaci\u00f3n, el artefacto que provoc\u00f3 la intoxicaci\u00f3n de las v\u00edctimas fue la cocina. Por lo que se pudo determinar durante el peritaje, ten\u00edan las hornallas y el horno encendidos, aparentemente porque <strong>estaban secando ropa. <\/strong>Adem\u00e1s, el ambiente no cumpl\u00eda con las condiciones de seguridad requeridas, ya que no ten\u00eda la rejilla de ventilaci\u00f3n superior, lo que es obligatorio.<\/p>\n\n\n\n<p>En invierno, cuando las temperaturas bajan y los sistemas de calefacci\u00f3n de las casas funcionan durante horas, el riesgo de intoxicaci\u00f3n por mon\u00f3xido de carbono (CO) aumenta. Este gas es altamente t\u00f3xico para las personas y los animales. Puede acumularse en espacios cerrados o con poca ventilaci\u00f3n.<\/p>\n\n\n\n<p><a href=\"https:\/\/t.me\/esreviral\"><strong><em>\u00daNETE AL CANAL DE TELEGRAM PARA ESTAR INFORMADO<\/em><\/strong><\/a><\/p>\n\n\n\n<p>Seg\u00fan datos difundidos por el Ministerio de Salud de la Naci\u00f3n, este a\u00f1o <strong>se registr\u00f3 un aumento del 7,4 por ciento de las intoxicaciones por mon\u00f3xido de carbono (CO) <\/strong>hasta la semana epidemiol\u00f3gica 26. Se notificaron 781 casos y hubo 81 fallecidos. Las jurisdicciones donde m\u00e1s aumentaron los casos fueron provincia de Buenos Aires (de 173 a 251 casos) y Mendoza (de 67 a 112 casos) que superaron el incremento de casos a nivel nacional.<\/p>\n\n\n\n<p><\/p>\n","protected":false},"excerpt":{"rendered":"<p>Un ni\u00f1o de nueve a\u00f1os de edad y su madre fallecieron este lunes en el barrio de Palermo de Buenos Aires por la intoxicaci\u00f3n de mon\u00f3xido de carbono. Una situaci\u00f3n que se repite cada a\u00f1o para esta temporada. Seg\u00fan inform\u00f3 el SAME, el operativo se llev\u00f3 a cabo en un edificio de Avenida C\u00f3rdoba 4692, [&hellip;]<\/p>\n","protected":false},"author":2,"featured_media":76479,"comment_status":"closed","ping_status":"closed","sticky":false,"template":"","format":"standard","meta":{"jnews-multi-image_gallery":[],"jnews_single_post":{"format":"standard"},"jnews_primary_category":[],"jnews_social_meta":[],"jnews_review":[],"enable_review":"","type":"","name":"","summary":"","brand":"","sku":"","good":[],"bad":[],"score_override":"","override_value":"","rating":[],"price":[],"jnews_override_counter":[],"jnews_post_split":[],"footnotes":""},"categories":[58,84],"tags":[44,45],"class_list":["post-95803","post","type-post","status-publish","format-standard","has-post-thumbnail","hentry","category-argentina","category-salud","tag-argentina","tag-noticias"],"_links":{"self":[{"href":"https:\/\/esreviral.com\/index.php?rest_route=\/wp\/v2\/posts\/95803","targetHints":{"allow":["GET"]}}],"collection":[{"href":"https:\/\/esreviral.com\/index.php?rest_route=\/wp\/v2\/posts"}],"about":[{"href":"https:\/\/esreviral.com\/index.php?rest_route=\/wp\/v2\/types\/post"}],"author":[{"embeddable":true,"href":"https:\/\/esreviral.com\/index.php?rest_route=\/wp\/v2\/users\/2"}],"replies":[{"embeddable":true,"href":"https:\/\/esreviral.com\/index.php?rest_route=%2Fwp%2Fv2%2Fcomments&post=95803"}],"version-history":[{"count":1,"href":"https:\/\/esreviral.com\/index.php?rest_route=\/wp\/v2\/posts\/95803\/revisions"}],"predecessor-version":[{"id":95804,"href":"https:\/\/esreviral.com\/index.php?rest_route=\/wp\/v2\/posts\/95803\/revisions\/95804"}],"wp:featuredmedia":[{"embeddable":true,"href":"https:\/\/esreviral.com\/index.php?rest_route=\/wp\/v2\/media\/76479"}],"wp:attachment":[{"href":"https:\/\/esreviral.com\/index.php?rest_route=%2Fwp%2Fv2%2Fmedia&parent=95803"}],"wp:term":[{"taxonomy":"category","embeddable":true,"href":"https:\/\/esreviral.com\/index.php?rest_route=%2Fwp%2Fv2%2Fcategories&post=95803"},{"taxonomy":"post_tag","embeddable":true,"href":"https:\/\/esreviral.com\/index.php?rest_route=%2Fwp%2Fv2%2Ftags&post=95803"}],"curies":[{"name":"wp","href":"https:\/\/api.w.org\/{rel}","templated":true}]}}