{"id":95790,"date":"2026-09-01T09:27:16","date_gmt":"2026-09-01T14:27:16","guid":{"rendered":"https:\/\/esreviral.com\/?p=95790"},"modified":"2026-09-01T09:27:17","modified_gmt":"2026-09-01T14:27:17","slug":"que-chevere-ser-venezolano-el-libro-que-lleva-a-venezuela-a-los-hogares-de-ninos-que-nacieron-lejos-de-su-tierra","status":"publish","type":"post","link":"https:\/\/esreviral.com\/?p=95790","title":{"rendered":"\u201cQu\u00e9 ch\u00e9vere ser venezolano\u201d: el libro que lleva a Venezuela a los hogares de ni\u00f1os que nacieron lejos de su tierra"},"content":{"rendered":"\n<p>Dos venezolanas que hicieron vida en Coro decidieron convertir la nostalgia, los recuerdos y el amor por sus ra\u00edces en un libro para que ning\u00fan ni\u00f1o venezolano nacido en el exterior crezca sintiendo que Venezuela es un lugar lejano que solo existe en las historias de sus padres.<\/p>\n\n\n\n<p><strong>Hay cosas que la distancia no puede borrar.<\/strong><\/p>\n\n\n\n<p>Un refr\u00e1n, una palabra, un sabor, una canci\u00f3n, un paisaje o una forma particular de decir \u201c<strong>ch\u00e9vere<\/strong>\u201d pueden ser suficientes para que un venezolano vuelva, aunque sea por unos segundos, a su tierra.<\/p>\n\n\n\n<p>Desde ese sentimiento naci\u00f3 <strong>\u201cQu\u00e9 ch\u00e9vere ser venezolano\u201d,<\/strong> una gu\u00eda de venezolanismo creada por las venezolanas Marvia P\u00e9rez-Tosca y la dise\u00f1adora Alejandra Gonz\u00e1lez, dos amigas, comadres y antiguas compa\u00f1eras de trabajo que decidieron transformar su amor por Venezuela en un puente para las nuevas generaciones.<\/p>\n\n\n\n<p>Marvia es caraque\u00f1a, aunque sus \u00faltimos a\u00f1os en Venezuela los vivi\u00f3 en Coro, mientras que Alejandra es oriunda de La Vela de Coro. <strong>En tierras falconianas ambas construyeron una dupla profesional que combinaba periodismo y dise\u00f1o<\/strong>: Marvia desde las palabras y Alejandra desde la creatividad.<\/p>\n\n\n\n<p><strong><em><a href=\"https:\/\/chat.whatsapp.com\/JnvvyG03WzlH2yM1FrSOa8\">\u00daNETE AL CANAL DE WHATSAPP PARA ESTAR INFORMADO<\/a><\/em><\/strong><\/p>\n\n\n\n<p>Cuando surgi\u00f3 la idea del libro, Marvia supo inmediatamente qui\u00e9n deb\u00eda acompa\u00f1arla en el proyecto.<\/p>\n\n\n\n<p><strong>\u201cPens\u00e9 en Alejandra inmediatamente\u201d, <\/strong>cuenta, recordando aquella dupla que durante a\u00f1os trabaj\u00f3 junta en Coro y que, adem\u00e1s, se convirti\u00f3 en una amistad que trascendi\u00f3 lo profesional.<\/p>\n\n\n\n<p>Pero \u201cQu\u00e9 ch\u00e9vere ser venezolano\u201d no naci\u00f3 solamente de una idea editorial. Naci\u00f3 de la a\u00f1oranza.<\/p>\n\n\n\n<figure class=\"wp-block-image size-full\"><img fetchpriority=\"high\" decoding=\"async\" width=\"769\" height=\"1024\" src=\"https:\/\/esreviral.com\/wp-content\/uploads\/2026\/08\/ninos-con-el-libro.webp\" alt=\"\" class=\"wp-image-95792\" srcset=\"https:\/\/esreviral.com\/wp-content\/uploads\/2026\/08\/ninos-con-el-libro.webp 769w, https:\/\/esreviral.com\/wp-content\/uploads\/2026\/08\/ninos-con-el-libro-225x300.webp 225w\" sizes=\"(max-width: 769px) 100vw, 769px\" \/><\/figure>\n\n\n\n<p>Marvia, quien actualmente vive en Estados Unidos y se ha dedicado a la educaci\u00f3n especial, ha convertido parte de su trayectoria en una lucha por la diversidad ling\u00fc\u00edstica y por el respeto a las ra\u00edces culturales de cada familia. Este es su cuarto libro publicado. Los tres anteriores fueron cuentos multiling\u00fces.<\/p>\n\n\n\n<p>Esta vez quiso hablarle directamente a una generaci\u00f3n que est\u00e1 creciendo lejos de Venezuela.<\/p>\n\n\n\n<p> Una manera de decirle a nuestros hijos: \u201cEsto tambi\u00e9n es tuyo\u201d<\/p>\n\n\n\n<p>El prop\u00f3sito de la obra es que <strong>los ni\u00f1os venezolanos nacidos fuera del pa\u00eds puedan conocer y reconocer el legado geogr\u00e1fico, cultural y humano de Venezuela.<\/strong><\/p>\n\n\n\n<p>Porque para quienes migraron, hay un temor que muchas veces permanece en silencio: <strong>que los hijos conozcan Venezuela solamente a trav\u00e9s de fotograf\u00edas, relatos familiares o recuerdos de sus padres.<\/strong><\/p>\n\n\n\n<p><a href=\"https:\/\/t.me\/esreviral\"><strong><em>\u00daNETE AL CANAL DE TELEGRAM PARA ESTAR INFORMADO<\/em><\/strong><\/a><\/p>\n\n\n\n<p>Por eso el libro busca convertirse en una especie de pedacito de Venezuela dentro de cada hogar.<\/p>\n\n\n\n<p>\u201cQu\u00e9 ch\u00e9vere ser venezolano\u201d re\u00fane elementos que forman parte de ese universo que identifica a los venezolanos y que <strong>permite que una familia pueda conversar con sus hijos sobre sus ra\u00edces, sus costumbres, sus expresiones y sus valores.<\/strong><\/p>\n\n\n\n<p>Y, por supuesto, no pod\u00edan faltar los refranes.<\/p>\n\n\n\n<p>Entre todos ellos hubo uno que se convirti\u00f3 casi en un lema durante la creaci\u00f3n del proyecto:<\/p>\n\n\n\n<p><strong>\u201cAl mal tiempo, buena cara\u201d.<\/strong><\/p>\n\n\n\n<p>Una frase que, quiz\u00e1s, resume tambi\u00e9n la historia de millones de venezolanos que tuvieron que comenzar de nuevo lejos de casa.<\/p>\n\n\n\n<p><strong><mark style=\"background-color:rgba(0, 0, 0, 0)\" class=\"has-inline-color has-vivid-red-color\"> \u201cTener a Venezuela en su casa a trav\u00e9s de un libro\u201d<\/mark><\/strong><\/p>\n\n\n\n<p>Para sus creadoras, uno de los momentos m\u00e1s emocionantes no ocurre durante el proceso de dise\u00f1o ni cuando el libro est\u00e1 terminado. Ocurre cuando llega a las manos de una familia.<\/p>\n\n\n\n<p>Las autoras cuentan que reciben mensajes de padres emocionados porque el libro les permite transmitirles a sus hijos valores, ense\u00f1anzas y elementos de la cultura venezolana.<\/p>\n\n\n\n<p>Y hay un mensaje que se repite y que las conmueve especialmente: el agradecimiento de quienes sienten que, gracias al libro, tienen nuevamente a Venezuela dentro de su casa.<\/p>\n\n\n\n<p>Es all\u00ed donde Marvia y Alejandra entienden que el proyecto va mucho m\u00e1s all\u00e1 de una publicaci\u00f3n.<\/p>\n\n\n\n<p>Es memoria.<\/p>\n\n\n\n<p>Es identidad.<\/p>\n\n\n\n<p>Es pertenencia.<\/p>\n\n\n\n<p>Es una manera de decirle a un ni\u00f1o que naci\u00f3 lejos de Venezuela que tambi\u00e9n hay una tierra que forma parte de su historia, aunque no haya nacido en ella.<\/p>\n\n\n\n<figure class=\"wp-block-image size-large\"><img decoding=\"async\" width=\"769\" height=\"1024\" src=\"https:\/\/esreviral.com\/wp-content\/uploads\/2026\/08\/autoras-del-libro-769x1024.webp\" alt=\"\" class=\"wp-image-95791\" srcset=\"https:\/\/esreviral.com\/wp-content\/uploads\/2026\/08\/autoras-del-libro-769x1024.webp 769w, https:\/\/esreviral.com\/wp-content\/uploads\/2026\/08\/autoras-del-libro-225x300.webp 225w, https:\/\/esreviral.com\/wp-content\/uploads\/2026\/08\/autoras-del-libro-768x1023.webp 768w, https:\/\/esreviral.com\/wp-content\/uploads\/2026\/08\/autoras-del-libro-1153x1536.webp 1153w, https:\/\/esreviral.com\/wp-content\/uploads\/2026\/08\/autoras-del-libro.webp 1201w\" sizes=\"(max-width: 769px) 100vw, 769px\" \/><\/figure>\n\n\n\n<p><strong><mark style=\"background-color:rgba(0, 0, 0, 0)\" class=\"has-inline-color has-vivid-red-color\"> Dos venezolanas, una historia que cruz\u00f3 fronteras<\/mark><\/strong><\/p>\n\n\n\n<p>Marvia y Alejandra llevan aproximadamente 12 a\u00f1os viviendo fuera de Venezuela, atravesando cada una sus propias historias y desaf\u00edos. Actualmente ambas viven en diferentes lugares de la Florida Central, en Estados Unidos.<\/p>\n\n\n\n<p>La distancia cambi\u00f3 sus vidas, pero no logr\u00f3 cambiar aquello que las une con Venezuela.<\/p>\n\n\n\n<p>Y quiz\u00e1s por eso decidieron que su libro no deb\u00eda quedarse en una biblioteca.<\/p>\n\n\n\n<p>\u201cQu\u00e9 ch\u00e9vere ser venezolano\u201d puede adquirirse desde cualquier parte del mundo a<strong><a href=\"https:\/\/a.co\/d\/0ckuc0wQ\"> trav\u00e9s de Amazon<\/a><\/strong>, llevando un peque\u00f1o pedazo de Venezuela a familias que, como ellas, aprendieron que emigrar no significa dejar atr\u00e1s qui\u00e9nes somos.<\/p>\n\n\n\n<p><\/p>\n","protected":false},"excerpt":{"rendered":"<p>Dos venezolanas que hicieron vida en Coro decidieron convertir la nostalgia, los recuerdos y el amor por sus ra\u00edces en un libro para que ning\u00fan ni\u00f1o venezolano nacido en el exterior crezca sintiendo que Venezuela es un lugar lejano que solo existe en las historias de sus padres. Hay cosas que la distancia no puede [&hellip;]<\/p>\n","protected":false},"author":2,"featured_media":95791,"comment_status":"closed","ping_status":"closed","sticky":false,"template":"","format":"standard","meta":{"jnews-multi-image_gallery":[],"jnews_single_post":{"format":"standard"},"jnews_primary_category":[],"jnews_social_meta":[],"jnews_review":[],"enable_review":"","type":"","name":"","summary":"","brand":"","sku":"","good":[],"bad":[],"score_override":"","override_value":"","rating":[],"price":[],"jnews_override_counter":[],"jnews_post_split":[],"footnotes":""},"categories":[50,54],"tags":[44810,45,725,782],"class_list":["post-95790","post","type-post","status-publish","format-standard","has-post-thumbnail","hentry","category-entretenimiento","category-inmigracion","tag-libro-venezolano","tag-noticias","tag-venezolanos-en-estados-unidos","tag-venezolanos-en-miami"],"_links":{"self":[{"href":"https:\/\/esreviral.com\/index.php?rest_route=\/wp\/v2\/posts\/95790","targetHints":{"allow":["GET"]}}],"collection":[{"href":"https:\/\/esreviral.com\/index.php?rest_route=\/wp\/v2\/posts"}],"about":[{"href":"https:\/\/esreviral.com\/index.php?rest_route=\/wp\/v2\/types\/post"}],"author":[{"embeddable":true,"href":"https:\/\/esreviral.com\/index.php?rest_route=\/wp\/v2\/users\/2"}],"replies":[{"embeddable":true,"href":"https:\/\/esreviral.com\/index.php?rest_route=%2Fwp%2Fv2%2Fcomments&post=95790"}],"version-history":[{"count":2,"href":"https:\/\/esreviral.com\/index.php?rest_route=\/wp\/v2\/posts\/95790\/revisions"}],"predecessor-version":[{"id":95794,"href":"https:\/\/esreviral.com\/index.php?rest_route=\/wp\/v2\/posts\/95790\/revisions\/95794"}],"wp:featuredmedia":[{"embeddable":true,"href":"https:\/\/esreviral.com\/index.php?rest_route=\/wp\/v2\/media\/95791"}],"wp:attachment":[{"href":"https:\/\/esreviral.com\/index.php?rest_route=%2Fwp%2Fv2%2Fmedia&parent=95790"}],"wp:term":[{"taxonomy":"category","embeddable":true,"href":"https:\/\/esreviral.com\/index.php?rest_route=%2Fwp%2Fv2%2Fcategories&post=95790"},{"taxonomy":"post_tag","embeddable":true,"href":"https:\/\/esreviral.com\/index.php?rest_route=%2Fwp%2Fv2%2Ftags&post=95790"}],"curies":[{"name":"wp","href":"https:\/\/api.w.org\/{rel}","templated":true}]}}