{"id":95780,"date":"2026-08-31T14:46:38","date_gmt":"2026-08-31T19:46:38","guid":{"rendered":"https:\/\/esreviral.com\/?p=95780"},"modified":"2026-08-31T14:46:39","modified_gmt":"2026-08-31T19:46:39","slug":"milei-argentina-tiene-todas-las-condiciones-para-volver-a-recibir-a-la-formula-1","status":"publish","type":"post","link":"https:\/\/esreviral.com\/?p=95780","title":{"rendered":"Milei: \u201cArgentina tiene todas las condiciones para volver a recibir a la F\u00f3rmula 1\u201d"},"content":{"rendered":"\n<p>El presidente Javier Milei afirm\u00f3 hoy que la Argentina volvi\u00f3 a reunir \u201clas condiciones econ\u00f3micas, institucionales y de infraestructura\u201d que requieren las m\u00e1ximas competencias internacionales, al encabezar el acto de apertura del Congreso Americano de la Federaci\u00f3n Internacional del Autom\u00f3vil (FIA), en el Hotel Four Seasons de Buenos Aires.<\/p>\n\n\n\n<p>\u201cTenemos la tradici\u00f3n, tenemos los pilotos y ahora estamos volviendo a tener la seriedad institucional que estas categor\u00edas exigen antes de elegir un pa\u00eds\u201d, sostuvo el mandatario, y resalt\u00f3 que el regreso del Congreso Americano de la FIA a la Argentina, despu\u00e9s de 15 a\u00f1os, constituye una oportunidad para avanzar en la recuperaci\u00f3n del pa\u00eds como destino internacional para el automovilismo. Estuvieron presentes en la ceremonia la secretaria general de la Presidencia, Karina Milei; el canciller, Pablo Quirno; y el presidente la FIA, Mohammed Ben Sulayen.<\/p>\n\n\n\n<p>Milei remarc\u00f3 que \u201ccon nuestra visita puesta en la libertad econ\u00f3mica y sus beneficios, y gracias a eliminar el Impuesto Pa\u00eds y a bajarle los aranceles a los autos importados, hoy un gran porcentaje de los 0 kil\u00f3metros que entran al pa\u00eds no pagan aranceles, lo que implica ca\u00eddas de precios que llegan hasta casi el 30%\u201d.<\/p>\n\n\n\n<p>Subray\u00f3 que esta reducci\u00f3n de precios \u00abtambi\u00e9n tiene efectos positivos en materia de seguridad vial\u201d y cuestion\u00f3 que, \u201cdespu\u00e9s de d\u00e9cadas de un Estado que encareci\u00f3 artificialmente cada auto nuevo, el parque automotor argentino tiene en promedio casi 15 a\u00f1os de antig\u00fcedad; es uno de los m\u00e1s envejecidos de la regi\u00f3n\u201d.<\/p>\n\n\n\n<p>En la misma l\u00ednea afirm\u00f3 que \u201cestamos impulsando un cambio de modelo en la gesti\u00f3n y el desarrollo de la infraestructura vial\u201d, y ratific\u00f3 que \u201cla f\u00f3rmula para lograr m\u00e1s y mejores obras a mejor precio est\u00e1 en concederle la mayor participaci\u00f3n posible al sector privado\u201d.<\/p>\n\n\n\n<p>El Presidente se\u00f1al\u00f3 que, pese a que durante a\u00f1os el pa\u00eds dej\u00f3 de ser considerado para albergar competencias de relevancia internacional, \u201cla pasi\u00f3n de los argentinos por las carreras nunca se apag\u00f3\u201d, y enfatiz\u00f3 que \u201clo \u00fanico que falt\u00f3 durante 28 a\u00f1os fue que en Argentina volviera a existir el mercado para una competici\u00f3n de semejante calibre\u201d.<\/p>\n\n\n\n<p>\u201cHoy los recibimos con las rutas m\u00e1s abiertas que nunca y con la misma vocaci\u00f3n de que quien quiera moverse, competir o construir en el pa\u00eds lo puede hacer en libertad\u201d, dijo y asegur\u00f3 que \u201cArgentina que tiene todas las condiciones para volver a recibir a la F\u00f3rmula 1 y al Rally Mundial en su calendario\u201d.<\/p>\n\n\n\n<p>A continuaci\u00f3n, los puntos m\u00e1s destacados del discurso:<\/p>\n\n\n\n<p>\u2705 \u00abQuisiera comenzar agradeciendo a todos los concurrentes en esta fecha tan importante para la Argentina, a todos los dirigentes de los clubes miembros de la FIA y a su presidente Ben Sulayem\u00bb.<\/p>\n\n\n\n<p>\u2705 \u201cArgentina vuelve a ser sede del Congreso Americano de la FIA despu\u00e9s de 15 a\u00f1os, un hito hist\u00f3rico para el automovilismo de nuestro pa\u00eds\u201d.<\/p>\n\n\n\n<p>\u2705 \u201cA trav\u00e9s de las afiliaciones pas\u00f3 de 20 socios en sus inicios a m\u00e1s de 300.000 socios en el presente. As\u00ed de lejos se puede llegar cuando la sociedad civil se organiza y nadie le pone la bota del Estado encima\u201d.<\/p>\n\n\n\n<p>\u2705 \u201cAutos m\u00e1s baratos significan autos m\u00e1s nuevos, y autos m\u00e1s nuevos significan lisa y llanamente menos argentinos sufriendo accidentes en las rutas\u201d.<\/p>\n\n\n\n<p>\u2705 \u201cTenemos la certeza de que la f\u00f3rmula para lograr m\u00e1s y mejores obras a mejor precio est\u00e1 en concederle la mayor participaci\u00f3n posible al sector privado\u201d.<\/p>\n\n\n\n<p>\u2705 \u201cAl d\u00eda de hoy ya hemos licitado concesiones para la operaci\u00f3n y mantenimiento de m\u00e1s de 9000 km de corredores viales, que estar\u00e1n absolutamente todas en obra desde el mes de octubre. Y, adem\u00e1s de estos 9000, pr\u00f3ximamente vamos a licitar entre 6000 y 12000 km m\u00e1s, porque una ruta en buen estado, bien se\u00f1alizada y con banquinas adecuadas salva tantas vidas como un auto seguro\u201d.<\/p>\n","protected":false},"excerpt":{"rendered":"<p>El presidente Javier Milei afirm\u00f3 hoy que la Argentina volvi\u00f3 a reunir \u201clas condiciones econ\u00f3micas, institucionales y de infraestructura\u201d que requieren las m\u00e1ximas competencias internacionales, al encabezar el acto de apertura del Congreso Americano de la Federaci\u00f3n Internacional del Autom\u00f3vil (FIA), en el Hotel Four Seasons de Buenos Aires. \u201cTenemos la tradici\u00f3n, tenemos los pilotos [&hellip;]<\/p>\n","protected":false},"author":2,"featured_media":95781,"comment_status":"closed","ping_status":"closed","sticky":false,"template":"","format":"standard","meta":{"jnews-multi-image_gallery":[],"jnews_single_post":{"format":"standard"},"jnews_primary_category":[],"jnews_social_meta":[],"jnews_review":[],"enable_review":"","type":"","name":"","summary":"","brand":"","sku":"","good":[],"bad":[],"score_override":"","override_value":"","rating":[],"price":[],"jnews_override_counter":[],"jnews_post_split":[],"footnotes":""},"categories":[58],"tags":[44,1158,45],"class_list":["post-95780","post","type-post","status-publish","format-standard","has-post-thumbnail","hentry","category-argentina","tag-argentina","tag-javier-milei","tag-noticias"],"_links":{"self":[{"href":"https:\/\/esreviral.com\/index.php?rest_route=\/wp\/v2\/posts\/95780","targetHints":{"allow":["GET"]}}],"collection":[{"href":"https:\/\/esreviral.com\/index.php?rest_route=\/wp\/v2\/posts"}],"about":[{"href":"https:\/\/esreviral.com\/index.php?rest_route=\/wp\/v2\/types\/post"}],"author":[{"embeddable":true,"href":"https:\/\/esreviral.com\/index.php?rest_route=\/wp\/v2\/users\/2"}],"replies":[{"embeddable":true,"href":"https:\/\/esreviral.com\/index.php?rest_route=%2Fwp%2Fv2%2Fcomments&post=95780"}],"version-history":[{"count":1,"href":"https:\/\/esreviral.com\/index.php?rest_route=\/wp\/v2\/posts\/95780\/revisions"}],"predecessor-version":[{"id":95782,"href":"https:\/\/esreviral.com\/index.php?rest_route=\/wp\/v2\/posts\/95780\/revisions\/95782"}],"wp:featuredmedia":[{"embeddable":true,"href":"https:\/\/esreviral.com\/index.php?rest_route=\/wp\/v2\/media\/95781"}],"wp:attachment":[{"href":"https:\/\/esreviral.com\/index.php?rest_route=%2Fwp%2Fv2%2Fmedia&parent=95780"}],"wp:term":[{"taxonomy":"category","embeddable":true,"href":"https:\/\/esreviral.com\/index.php?rest_route=%2Fwp%2Fv2%2Fcategories&post=95780"},{"taxonomy":"post_tag","embeddable":true,"href":"https:\/\/esreviral.com\/index.php?rest_route=%2Fwp%2Fv2%2Ftags&post=95780"}],"curies":[{"name":"wp","href":"https:\/\/api.w.org\/{rel}","templated":true}]}}