{"id":9568,"date":"2021-08-18T07:35:27","date_gmt":"2021-08-18T10:35:27","guid":{"rendered":"http:\/\/esreviral.com\/?p=9568"},"modified":"2021-08-18T07:35:27","modified_gmt":"2021-08-18T10:35:27","slug":"sebastian-battaglia-fue-presentado-como-nuevo-tecnico-de-boca","status":"publish","type":"post","link":"https:\/\/esreviral.com\/?p=9568","title":{"rendered":"Sebasti\u00e1n Battaglia fue presentado como nuevo t\u00e9cnico de Boca"},"content":{"rendered":"\n<p>Luego de la confirmaci\u00f3n de la salida de Miguel \u00c1ngel Russo, Boca present\u00f3 de manera oficial a&nbsp;<strong>Sebasti\u00e1n Battaglia&nbsp;<\/strong>como nuevo entrenador. Llegando desde la reserva, el ex mediocampista tiene el apoyo para estar al mando del equipo hasta que se defina el futuro del equipo, que podr\u00e1 ser con \u00e9l u otro cuerpo t\u00e9cnico.<\/p>\n\n\n\n<figure class=\"wp-block-embed-twitter wp-block-embed is-type-rich is-provider-twitter\"><div class=\"wp-block-embed__wrapper\">\n<blockquote class=\"twitter-tweet\" data-width=\"500\" data-dnt=\"true\"><p lang=\"es\" dir=\"ltr\">\u00a1Vamos Seba! \ud83d\udcaa\ud83d\udc99\ud83d\udc9b\ud83d\udc99 <a href=\"https:\/\/t.co\/X0lE7Rk6BL\">pic.twitter.com\/X0lE7Rk6BL<\/a><\/p>&mdash; Boca Juniors (@BocaJrsOficial) <a href=\"https:\/\/twitter.com\/BocaJrsOficial\/status\/1427742207495352321?ref_src=twsrc%5Etfw\">August 17, 2021<\/a><\/blockquote><script async src=\"https:\/\/platform.twitter.com\/widgets.js\" charset=\"utf-8\"><\/script>\n<\/div><\/figure>\n\n\n\n<p>En conferencia de prensa, se present\u00f3 junto con Jorge Amor Ameal en donde expres\u00f3 los objetuvos claros para el club.&nbsp;\u00ab<strong>Queremos trabajar y hacer lo mejor&nbsp;<\/strong>para que el equipo pueda tener una idea e identidad de juego que queremos impulsar a nuestros jugadores. Desde hoy trabajamos en eso\u00bb.<\/p>\n\n\n\n<p>\u00ab<strong>Con Russo estoy agradecido por el lugar que nos dio<\/strong>\u00a0para trabajar desde la reserva. Ahora tratar\u00e9 de poner a Boca en el lugar que se merece y para eso el jugador que mejor est\u00e9 arrancar\u00e1 los partidos porque lo vamos a poner. Aunque a veces es m\u00e1s importante el que sale desde el banco que aquel que inici\u00f3 el partido\u00bb, agreg\u00f3.<\/p>\n\n\n\n<figure class=\"wp-block-embed-twitter wp-block-embed is-type-rich is-provider-twitter\"><div class=\"wp-block-embed__wrapper\">\n<blockquote class=\"twitter-tweet\" data-width=\"500\" data-dnt=\"true\"><p lang=\"es\" dir=\"ltr\">\ud83c\udd95 Primer d\u00eda de trabajo de <a href=\"https:\/\/twitter.com\/sebabattaglia5?ref_src=twsrc%5Etfw\">@sebabattaglia5<\/a> como entrenador del plantel profesional.<a href=\"https:\/\/twitter.com\/hashtag\/VamosBoca?src=hash&amp;ref_src=twsrc%5Etfw\">#VamosBoca<\/a> \ud83d\udfe6\ud83d\udfe8\ud83d\udfe6 <a href=\"https:\/\/t.co\/YFmNT5eYY1\">pic.twitter.com\/YFmNT5eYY1<\/a><\/p>&mdash; Boca Juniors (@BocaJrsOficial) <a href=\"https:\/\/twitter.com\/BocaJrsOficial\/status\/1427751212322021377?ref_src=twsrc%5Etfw\">August 17, 2021<\/a><\/blockquote><script async src=\"https:\/\/platform.twitter.com\/widgets.js\" charset=\"utf-8\"><\/script>\n<\/div><\/figure>\n\n\n\n<p>Respecto a las especulaciones sobre mayores chances para los jugadores de inferiores, aclar\u00f3. \u00abAc\u00e1 hay un grupo de muy buenos profesionales y chicos que ya tuvimos en la reserva. La idea es avanzar e irnos conociendo lo m\u00e1s r\u00e1pido posible y que me la hagan dif\u00edcil para ponerlos<strong>&nbsp;es importante para los chicos y tambi\u00e9n para los grandes<\/strong>\u00ab.<\/p>\n\n\n\n<p>\u00abCon Rom\u00e1n (Riquelme) hablamos continuamente en el predio de Boca y estamos en contacto permanentemente, pero m\u00e1s all\u00e1 de la responsabilidad que tengo, tambi\u00e9n voy a disfrutar este momento. Y\u00a0<strong>no quiero opinar del pasado sino mirar hacia delante, al futuro<\/strong>\u00ab, sentenci\u00f3.<\/p>\n\n\n\n<p>Otro de los temas tiene que ver con los bajos rendimientos y la chance de emigrarde varios de los integrantes del plantel.\u00a0<strong>\u00abEl jugador que quiere estar ac\u00e1 se quedar\u00e1, porque sabemos lo que es la gloria en este club,<\/strong>\u00a0pero hoy no se gana con el escudo. Y lo fundamental para eso es armar un plantel fuerte, para defender a muerte los colores del club m\u00e1s importante de Argentina\u00bb.<\/p>\n\n\n\n<p class=\"has-text-align-right\"><em><strong>filo.news<\/strong><\/em><\/p>\n","protected":false},"excerpt":{"rendered":"<p>En conferencia de presan y junto a Jorge Amor Ameal, el m\u00e1ximo ganador en la historia del club asume el mandato tras la salida de Miguel \u00c1ngel Russo y debutar\u00e1 ante Patronato.<\/p>\n","protected":false},"author":2,"featured_media":9569,"comment_status":"open","ping_status":"open","sticky":false,"template":"","format":"standard","meta":{"jnews-multi-image_gallery":[],"jnews_single_post":[],"jnews_primary_category":[],"jnews_social_meta":[],"jnews_review":[],"enable_review":"","type":"","name":"","summary":"","brand":"","sku":"","good":[],"bad":[],"score_override":"","override_value":"","rating":[],"price":[],"jnews_override_counter":[],"jnews_post_split":[],"footnotes":""},"categories":[68],"tags":[92],"class_list":["post-9568","post","type-post","status-publish","format-standard","has-post-thumbnail","hentry","category-sin-categoria","tag-boca-juniors"],"amp_enabled":true,"_links":{"self":[{"href":"https:\/\/esreviral.com\/index.php?rest_route=\/wp\/v2\/posts\/9568"}],"collection":[{"href":"https:\/\/esreviral.com\/index.php?rest_route=\/wp\/v2\/posts"}],"about":[{"href":"https:\/\/esreviral.com\/index.php?rest_route=\/wp\/v2\/types\/post"}],"author":[{"embeddable":true,"href":"https:\/\/esreviral.com\/index.php?rest_route=\/wp\/v2\/users\/2"}],"replies":[{"embeddable":true,"href":"https:\/\/esreviral.com\/index.php?rest_route=%2Fwp%2Fv2%2Fcomments&post=9568"}],"version-history":[{"count":0,"href":"https:\/\/esreviral.com\/index.php?rest_route=\/wp\/v2\/posts\/9568\/revisions"}],"wp:featuredmedia":[{"embeddable":true,"href":"https:\/\/esreviral.com\/index.php?rest_route=\/"}],"wp:attachment":[{"href":"https:\/\/esreviral.com\/index.php?rest_route=%2Fwp%2Fv2%2Fmedia&parent=9568"}],"wp:term":[{"taxonomy":"category","embeddable":true,"href":"https:\/\/esreviral.com\/index.php?rest_route=%2Fwp%2Fv2%2Fcategories&post=9568"},{"taxonomy":"post_tag","embeddable":true,"href":"https:\/\/esreviral.com\/index.php?rest_route=%2Fwp%2Fv2%2Ftags&post=9568"}],"curies":[{"name":"wp","href":"https:\/\/api.w.org\/{rel}","templated":true}]}}