{"id":9515,"date":"2021-08-17T08:26:04","date_gmt":"2021-08-17T11:26:04","guid":{"rendered":"http:\/\/esreviral.com\/?p=9515"},"modified":"2021-08-17T08:26:04","modified_gmt":"2021-08-17T11:26:04","slug":"reabren-11-estaciones-de-subte-y-solo-quedan-10-cerradas","status":"publish","type":"post","link":"https:\/\/esreviral.com\/?p=9515","title":{"rendered":"Reabren 11 estaciones de subte y solo quedan 10 cerradas"},"content":{"rendered":"\n<p><strong>Este martes reabrir\u00e1n 11 estaciones de subterr\u00e1neo de Buenos Aires<\/strong>\u00a0que a\u00fan permanec\u00edan cerradas en el marco de la\u00a0<strong>pandemia de Covid-19.\u00a0<\/strong>As\u00ed, quedar\u00e1n habilitadas 80 de las 90 paradas de la red con el objetivo de lograr una mayor fluidez en el tr\u00e1nsito ante el incremento de la circulaci\u00f3n de la gente en la Ciudad.<\/p>\n\n\n\n<p>Las estaciones que volver\u00e1n a abrir sus puertas son:\u00a0<strong>Piedras y R\u00edo de Janeiro (L\u00ednea A), Tronador y Echeverr\u00eda (L\u00ednea B), Moreno y San Juan (L\u00ednea C), Belgrano y Catalinas (L\u00ednea E), y C\u00f3rdoba e Incl\u00e1n (L\u00ednea H).\u00a0<\/strong>As\u00ed,\u00a0<strong>las l\u00edneas C y H quedar\u00e1n completamente operativas.<\/strong><\/p>\n\n\n\n<p>Asimismo, y en consonancia con el incremento de la cantidad de usuarias y usuarios que se verific\u00f3 en las \u00faltimas semanas,<strong>\u00a0se aument\u00f3 de 15 a 40 la cantidad de pasajeros parados que pueden viajar por coche<\/strong>. Actualmente viaja entre un 25% y 30% del total prepandemia, inform\u00f3 la empresa\u00a0<strong>Subterr\u00e1neos de Buenos Aires (Sbase)<\/strong>.<\/p>\n\n\n\n<h3 class=\"wp-block-heading\">Las estaciones de subte que abrirpan a partir del martes 17<\/h3>\n\n\n\n<figure class=\"wp-block-image size-large\"><img decoding=\"async\" src=\"https:\/\/esreviral.com\/wp-content\/uploads\/2021\/08\/subte2-17-8-21-esreviral.jpg\" alt=\"\" class=\"wp-image-9516\"\/><\/figure>\n\n\n\n<p>\u25cf L\u00ednea A: Plaza de Mayo, Per\u00fa, Piedras, Lima, Congreso, Plaza Miserere, Loria, Castro Barros, R\u00edo de Janeiro, Acoyte, Primera Junta, Pu\u00e1n, Carabobo, San Jos\u00e9 de Flores y San Pedrito.<\/p>\n\n\n\n<p>\u25cf L\u00ednea B: Leandro N. Alem, Carlos Pellegrini, Uruguay, Callao, Pueyrred\u00f3n, Carlos Gardel, Medrano, \u00c1ngel Gallardo, Malabia, Dorrego, Federico Lacroze, Tronador, De los Incas \u2013 Parque Chas, Echeverr\u00eda y Juan Manuel de Rosas.<\/p>\n\n\n\n<p>\u25cf L\u00ednea C: Constituci\u00f3n, San Juan, Independencia, Moreno, Av. de Mayo, Diagonal Norte, Lavalle, San Mart\u00edn y Retiro.<\/p>\n\n\n\n<p>\u25cf L\u00ednea D: Catedral, 9 de Julio, Tribunales, Callao, Facultad de Medicina, Pueyrred\u00f3n, Bulnes, Plaza Italia, Palermo, Ministro Carranza, Olleros, Jos\u00e9 Hern\u00e1ndez, Juramento y Congreso de Tucum\u00e1n.<\/p>\n\n\n\n<p>\u25cf L\u00ednea E: Retiro, Catalinas, Correo Central, Bol\u00edvar, Belgrano, Independencia, Entre R\u00edos, Jujuy, General Urquiza, Boedo, Av. La Plata, Jos\u00e9 M. Moreno, Emilio Mitre, Medalla Milagrosa y Plaza de los Virreyes.<\/p>\n\n\n\n<p>\u25cf L\u00ednea H: Hospitales, Parque Patricios, Caseros, Incl\u00e1n, Humberto 1\u00ba, Venezuela, Once, Corrientes, C\u00f3rdoba, Santa Fe, Las Heras, Facultad de Derecho.<\/p>\n\n\n\n<p><strong>En tanto, continuar\u00e1n cerradas<\/strong><\/p>\n\n\n\n<p>\u25cf L\u00ednea A: S\u00e1enz Pe\u00f1a, Pasco y Alberti.<\/p>\n\n\n\n<p>\u25cf L\u00ednea B: Florida y Pasteur-Ama.<\/p>\n\n\n\n<p>\u25cf L\u00ednea D: Ag\u00fcero y Scalabrini Ortiz.<\/p>\n\n\n\n<p>\u25cf L\u00ednea E: San Jos\u00e9, Pichincha y Varela.<\/p>\n\n\n\n<p class=\"has-text-align-right\"><strong><em>La Naci\u00f3n<\/em><\/strong><\/p>\n","protected":false},"excerpt":{"rendered":"<p>As\u00ed, las l\u00edneas C y H quedar\u00e1n completamente operativas y solo una decena de paradas continuar\u00e1 inhabilitada.<\/p>\n","protected":false},"author":2,"featured_media":9517,"comment_status":"open","ping_status":"open","sticky":false,"template":"","format":"standard","meta":{"jnews-multi-image_gallery":[],"jnews_single_post":[],"jnews_primary_category":[],"jnews_social_meta":[],"jnews_review":[],"enable_review":"","type":"","name":"","summary":"","brand":"","sku":"","good":[],"bad":[],"score_override":"","override_value":"","rating":[],"price":[],"jnews_override_counter":[],"jnews_post_split":[],"footnotes":""},"categories":[58],"tags":[894],"class_list":["post-9515","post","type-post","status-publish","format-standard","has-post-thumbnail","hentry","category-argentina","tag-ciudad-de-buenos-aires"],"amp_enabled":true,"_links":{"self":[{"href":"https:\/\/esreviral.com\/index.php?rest_route=\/wp\/v2\/posts\/9515"}],"collection":[{"href":"https:\/\/esreviral.com\/index.php?rest_route=\/wp\/v2\/posts"}],"about":[{"href":"https:\/\/esreviral.com\/index.php?rest_route=\/wp\/v2\/types\/post"}],"author":[{"embeddable":true,"href":"https:\/\/esreviral.com\/index.php?rest_route=\/wp\/v2\/users\/2"}],"replies":[{"embeddable":true,"href":"https:\/\/esreviral.com\/index.php?rest_route=%2Fwp%2Fv2%2Fcomments&post=9515"}],"version-history":[{"count":0,"href":"https:\/\/esreviral.com\/index.php?rest_route=\/wp\/v2\/posts\/9515\/revisions"}],"wp:featuredmedia":[{"embeddable":true,"href":"https:\/\/esreviral.com\/index.php?rest_route=\/"}],"wp:attachment":[{"href":"https:\/\/esreviral.com\/index.php?rest_route=%2Fwp%2Fv2%2Fmedia&parent=9515"}],"wp:term":[{"taxonomy":"category","embeddable":true,"href":"https:\/\/esreviral.com\/index.php?rest_route=%2Fwp%2Fv2%2Fcategories&post=9515"},{"taxonomy":"post_tag","embeddable":true,"href":"https:\/\/esreviral.com\/index.php?rest_route=%2Fwp%2Fv2%2Ftags&post=9515"}],"curies":[{"name":"wp","href":"https:\/\/api.w.org\/{rel}","templated":true}]}}