{"id":9503,"date":"2021-08-17T07:19:51","date_gmt":"2021-08-17T10:19:51","guid":{"rendered":"http:\/\/esreviral.com\/?p=9503"},"modified":"2021-08-17T07:19:51","modified_gmt":"2021-08-17T10:19:51","slug":"argentina-volvera-a-recibir-una-donacion-de-vacunas-desde-estados-unidos","status":"publish","type":"post","link":"https:\/\/esreviral.com\/?p=9503","title":{"rendered":"Argentina volver\u00e1 a recibir una donaci\u00f3n de vacunas desde Estados Unidos"},"content":{"rendered":"\n<p><br>Durante agosto o principios de septiembre, Argentina podr\u00eda sumar nuevas dosis de la vacuna contra el coronavirus a su stock provenientes de una donaci\u00f3n por parte del&nbsp;<strong>Gobierno de los Estados Unidos<\/strong>.<\/p>\n\n\n\n<p>Si bien todav\u00eda no hay precisiones\u00a0sobre la cantidad de dosis que podr\u00edan llegar, las autoridades del Ministerio de Salud de la Naci\u00f3n aseguran que \u00abes muy probable\u00bb\u00a0que lleguen nuevos lotes de dosis de Moderna y Pfizer.<\/p>\n\n\n\n<p>De acuerdo a lo reportado por&nbsp;<em>TN<\/em>, esta nueva donaci\u00f3n habr\u00eda surgido luego de un almuerzo encabezado por&nbsp;Alberto Fern\u00e1ndez junto a&nbsp;<strong>Jacob Jeremiah Sullivan<\/strong>, uno de los funcionarios norteamericanos de mayor confianza de&nbsp;<strong>Joe Biden<\/strong>, y del cual participaron los principales ministros del Gabinete argentino.&nbsp;Desde la cartera sanitaria informaron a dicho medio&nbsp;que la nueva donaci\u00f3n para el mundo rondar\u00eda las&nbsp;<strong>200 millones<\/strong>&nbsp;de dosis.<\/p>\n\n\n\n<p>En caso de recibir dosis de las vacunas desarrolladas por&nbsp;Moderna o Pfizer, las mismas podr\u00e1n utilizarse para&nbsp;inmunizar a los menores de 18 a\u00f1os con o sin factores de riesgo o podr\u00e1n destinarse a completar esquemas de los que recibieron una dosis de&nbsp;<strong>Sputnik V<\/strong>.<\/p>\n\n\n\n<p>Cabe recordar que Argentina ya recibi\u00f3 un lote de\u00a0<strong>3.5 millones<\/strong>\u00a0de dosis de la vacuna de Moderna y cerr\u00f3 tratos con\u00a0\u00e9ste como con Pfizer la entrega de otras 40 millones. Las vacunas de Pfizer podr\u00edan arribar a partir de septiembre, mientras que las de Moderna estar\u00e1n en el pa\u00eds a partir de 2022.<\/p>\n\n\n\n<p class=\"has-text-align-right\"><em><strong>filo.news<\/strong><\/em><\/p>\n","protected":false},"excerpt":{"rendered":"<p>A\u00fan no se precis\u00f3 acerca de las cantidades, pero las autoridades del Ministerio de Salud de la Naci\u00f3n aseguran que \u00abes muy probable\u00bb que lleguen nuevos lotes de dosis de Moderna y Pfizer.<\/p>\n","protected":false},"author":2,"featured_media":9504,"comment_status":"open","ping_status":"open","sticky":false,"template":"","format":"standard","meta":{"jnews-multi-image_gallery":[],"jnews_single_post":[],"jnews_primary_category":[],"jnews_social_meta":[],"jnews_review":[],"enable_review":"","type":"","name":"","summary":"","brand":"","sku":"","good":[],"bad":[],"score_override":"","override_value":"","rating":[],"price":[],"jnews_override_counter":[],"jnews_post_split":[],"footnotes":""},"categories":[58,76],"tags":[77],"class_list":["post-9503","post","type-post","status-publish","format-standard","has-post-thumbnail","hentry","category-argentina","category-coronavirus","tag-coronavirus"],"amp_enabled":true,"_links":{"self":[{"href":"https:\/\/esreviral.com\/index.php?rest_route=\/wp\/v2\/posts\/9503"}],"collection":[{"href":"https:\/\/esreviral.com\/index.php?rest_route=\/wp\/v2\/posts"}],"about":[{"href":"https:\/\/esreviral.com\/index.php?rest_route=\/wp\/v2\/types\/post"}],"author":[{"embeddable":true,"href":"https:\/\/esreviral.com\/index.php?rest_route=\/wp\/v2\/users\/2"}],"replies":[{"embeddable":true,"href":"https:\/\/esreviral.com\/index.php?rest_route=%2Fwp%2Fv2%2Fcomments&post=9503"}],"version-history":[{"count":0,"href":"https:\/\/esreviral.com\/index.php?rest_route=\/wp\/v2\/posts\/9503\/revisions"}],"wp:featuredmedia":[{"embeddable":true,"href":"https:\/\/esreviral.com\/index.php?rest_route=\/"}],"wp:attachment":[{"href":"https:\/\/esreviral.com\/index.php?rest_route=%2Fwp%2Fv2%2Fmedia&parent=9503"}],"wp:term":[{"taxonomy":"category","embeddable":true,"href":"https:\/\/esreviral.com\/index.php?rest_route=%2Fwp%2Fv2%2Fcategories&post=9503"},{"taxonomy":"post_tag","embeddable":true,"href":"https:\/\/esreviral.com\/index.php?rest_route=%2Fwp%2Fv2%2Ftags&post=9503"}],"curies":[{"name":"wp","href":"https:\/\/api.w.org\/{rel}","templated":true}]}}