{"id":94932,"date":"2026-08-05T08:04:27","date_gmt":"2026-08-05T13:04:27","guid":{"rendered":"https:\/\/esreviral.com\/?p=94932"},"modified":"2026-08-05T09:02:44","modified_gmt":"2026-08-05T14:02:44","slug":"un-corte-de-luz-y-una-columna-de-humo-sorprendieron-a-los-pasajeros-de-la-linea-b-del-subte","status":"publish","type":"post","link":"https:\/\/esreviral.com\/?p=94932","title":{"rendered":"Un corte de luz y una columna de humo sorprendieron a los pasajeros de la L\u00ednea B del subte"},"content":{"rendered":"\n<p>Un corte de luz y la posterior presencia de humo generaron preocupaci\u00f3n entre los pasajeros de la L\u00ednea B del subte. El incidente ocurri\u00f3 en la estaci\u00f3n Carlos Gardel y oblig\u00f3 a interrumpir el servicio durante unos minutos. La operaci\u00f3n se normaliz\u00f3 cerca de las 9.30.<\/p>\n\n\n\n<p>Seg\u00fan inform\u00f3 la empresa operadora, el humo no estuvo relacionado con una explosi\u00f3n ni con un incendio, sino con una fricci\u00f3n entre la formaci\u00f3n y las v\u00edas. La unidad involucrada fue retirada y trasladada a los talleres del subterr\u00e1neo para su revisi\u00f3n.<\/p>\n\n\n\n<p class=\"has-text-align-center\"><strong><a href=\"https:\/\/chat.whatsapp.com\/KWkTmakY3I05kNdd2oZl6d\"><em>\u00daNETE A NUESTRO GRUPO DE WHATSAPP PARA ESTAR INFORMADO<\/em><\/a><\/strong><\/p>\n\n\n\n<p>Durante la interrupci\u00f3n, los pasajeros fueron evacuados de manera preventiva y personal de Emova trabaj\u00f3 en el lugar para asistirlos y brindarles informaci\u00f3n sobre lo ocurrido.<\/p>\n\n\n\n<p>Fuentes oficiales indicaron que el servicio permaneci\u00f3 detenido durante aproximadamente 20 minutos debido a una falla t\u00e9cnica que requiri\u00f3 cortar la energ\u00eda el\u00e9ctrica de la formaci\u00f3n. Los usuarios descendieron normalmente en los andenes y, una vez solucionado el inconveniente, la circulaci\u00f3n fue restablecida.<\/p>\n\n\n\n<h3 class=\"wp-block-heading\"><strong><mark style=\"background-color:rgba(0, 0, 0, 0)\" class=\"has-inline-color has-vivid-red-color\">Aumentaron las tarifas de colectivos, subte y trenes en el AMBA<\/mark><\/strong><\/h3>\n\n\n\n<p>Desde el 1\u00b0 de agosto comenzaron a regir nuevos aumentos en el transporte p\u00fablico del \u00c1rea Metropolitana de Buenos Aires (AMBA). El boleto m\u00ednimo de colectivo en el conurbano bonaerense super\u00f3 los $1100, mientras que en la Ciudad de Buenos Aires alcanz\u00f3 los $852,90. En tanto, el tren pas\u00f3 a costar $420 y el subte super\u00f3 los $1600.<\/p>\n\n\n\n<p>El incremento fue del 3,9% para los servicios bajo jurisdicci\u00f3n porte\u00f1a y del 4,4% para las l\u00edneas dependientes de la provincia de Buenos Aires, seg\u00fan el esquema de actualizaci\u00f3n mensual que toma como referencia la inflaci\u00f3n y suma dos puntos porcentuales.<\/p>\n\n\n\n<p>El ajuste aplicado en la Ciudad tambi\u00e9n alcanz\u00f3 al subte y a los peajes de las autopistas porte\u00f1as. En lo que va del a\u00f1o, las tarifas de colectivos acumulan aumentos del 68,76% en la provincia de Buenos Aires y del 43,70% en CABA, por encima de la inflaci\u00f3n acumulada durante el mismo per\u00edodo.<\/p>\n\n\n\n<h3 class=\"wp-block-heading\"><strong><mark style=\"background-color:rgba(0, 0, 0, 0)\" class=\"has-inline-color has-vivid-red-color\">Nuevas tarifas de colectivos en provincia de Buenos Aires<\/mark><\/strong><\/h3>\n\n\n\n<p>Desde agosto, las l\u00edneas provinciales aumentaron un 4,4%. Con SUBE registrada, los valores quedaron:<\/p>\n\n\n\n<ul class=\"wp-block-list\">\n<li>Hasta 3 kil\u00f3metros: $1111,19.<\/li>\n\n\n\n<li>De 3 a 6 kil\u00f3metros: $1250,08.<\/li>\n\n\n\n<li>De 6 a 12 kil\u00f3metros: $1388,98.<\/li>\n\n\n\n<li>De 12 a 27 kil\u00f3metros: $1666,78.<\/li>\n\n\n\n<li>M\u00e1s de 27 kil\u00f3metros: $1959,58.<\/li>\n<\/ul>\n\n\n\n<p>El aumento alcanza a las l\u00edneas numeradas desde el 200 en adelante.<\/p>\n\n\n\n<h3 class=\"wp-block-heading\"><strong><mark style=\"background-color:rgba(0, 0, 0, 0)\" class=\"has-inline-color has-vivid-red-color\">Tarifas de colectivos y subte en la Ciudad de Buenos Aires<\/mark><\/strong><\/h3>\n\n\n\n<p>En CABA, el incremento fue del 3,9% para las 28 l\u00edneas porte\u00f1as. Los nuevos valores son:<\/p>\n\n\n\n<p class=\"has-text-align-center\"><em><strong><em><strong><em><strong><em><strong><a href=\"https:\/\/t.me\/esreviral\">\u00daNETE A NUESTRO CANAL DE TELEGRAM PARA ESTAR INFORMADO<\/a><\/strong><\/em><\/strong><\/em><\/strong><\/em><\/strong><\/em><\/p>\n\n\n\n<ul class=\"wp-block-list\">\n<li>Hasta 3 kil\u00f3metros: $852,90.<\/li>\n\n\n\n<li>De 3 a 6 kil\u00f3metros: $947,71.<\/li>\n\n\n\n<li>De 6 a 12 kil\u00f3metros: $1020,71.<\/li>\n\n\n\n<li>De 12 a 27 kil\u00f3metros: $1093,77.<\/li>\n<\/ul>\n\n\n\n<p class=\"has-text-align-center\"><\/p>\n\n\n\n<p class=\"has-text-align-right\"><strong><em>Con Informaci\u00f3n de TN.-<\/em><\/strong><\/p>\n","protected":false},"excerpt":{"rendered":"<p>La situaci\u00f3n ocurri\u00f3 en la estaci\u00f3n Carlos Gardel y oblig\u00f3 a que el servicio estuviera interrumpido durante algunos minutos. Cerca de las 9.30 se restableci\u00f3.<\/p>\n","protected":false},"author":3,"featured_media":94933,"comment_status":"closed","ping_status":"closed","sticky":false,"template":"","format":"standard","meta":{"jnews-multi-image_gallery":[],"jnews_single_post":{"format":"standard"},"jnews_primary_category":[],"jnews_social_meta":[],"jnews_review":[],"enable_review":"","type":"","name":"","summary":"","brand":"","sku":"","good":[],"bad":[],"score_override":"","override_value":"","rating":[],"price":[],"jnews_override_counter":[],"jnews_post_split":[],"footnotes":""},"categories":[58],"tags":[44,894,1421,5848,45,290],"class_list":["post-94932","post","type-post","status-publish","format-standard","has-post-thumbnail","hentry","category-argentina","tag-argentina","tag-ciudad-de-buenos-aires","tag-corte-de-luz","tag-linea-b","tag-noticias","tag-subte"],"_links":{"self":[{"href":"https:\/\/esreviral.com\/index.php?rest_route=\/wp\/v2\/posts\/94932","targetHints":{"allow":["GET"]}}],"collection":[{"href":"https:\/\/esreviral.com\/index.php?rest_route=\/wp\/v2\/posts"}],"about":[{"href":"https:\/\/esreviral.com\/index.php?rest_route=\/wp\/v2\/types\/post"}],"author":[{"embeddable":true,"href":"https:\/\/esreviral.com\/index.php?rest_route=\/wp\/v2\/users\/3"}],"replies":[{"embeddable":true,"href":"https:\/\/esreviral.com\/index.php?rest_route=%2Fwp%2Fv2%2Fcomments&post=94932"}],"version-history":[{"count":4,"href":"https:\/\/esreviral.com\/index.php?rest_route=\/wp\/v2\/posts\/94932\/revisions"}],"predecessor-version":[{"id":94948,"href":"https:\/\/esreviral.com\/index.php?rest_route=\/wp\/v2\/posts\/94932\/revisions\/94948"}],"wp:featuredmedia":[{"embeddable":true,"href":"https:\/\/esreviral.com\/index.php?rest_route=\/wp\/v2\/media\/94933"}],"wp:attachment":[{"href":"https:\/\/esreviral.com\/index.php?rest_route=%2Fwp%2Fv2%2Fmedia&parent=94932"}],"wp:term":[{"taxonomy":"category","embeddable":true,"href":"https:\/\/esreviral.com\/index.php?rest_route=%2Fwp%2Fv2%2Fcategories&post=94932"},{"taxonomy":"post_tag","embeddable":true,"href":"https:\/\/esreviral.com\/index.php?rest_route=%2Fwp%2Fv2%2Ftags&post=94932"}],"curies":[{"name":"wp","href":"https:\/\/api.w.org\/{rel}","templated":true}]}}