{"id":94916,"date":"2026-08-05T07:22:54","date_gmt":"2026-08-05T12:22:54","guid":{"rendered":"https:\/\/esreviral.com\/?p=94916"},"modified":"2026-08-05T07:37:31","modified_gmt":"2026-08-05T12:37:31","slug":"el-papa-leon-xiv-confirmo-que-visitara-argentina-del-8-al-11-de-noviembre","status":"publish","type":"post","link":"https:\/\/esreviral.com\/?p=94916","title":{"rendered":"El papa Le\u00f3n XIV confirm\u00f3 que visitar\u00e1 Argentina del 8 al 11 de noviembre"},"content":{"rendered":"\n<p>El papa Le\u00f3n XIV confirm\u00f3 que visitar\u00e1 la Argentina del 8 al 11 de noviembre como parte de una gira apost\u00f3lica por Sudam\u00e9rica que tambi\u00e9n incluir\u00e1 a Uruguay y Per\u00fa. El anuncio fue realizado este mi\u00e9rcoles por la Santa Sede, poniendo fin a la expectativa que se hab\u00eda generado en los \u00faltimos d\u00edas tras conocerse que el pont\u00edfice viajar\u00eda a Per\u00fa.<\/p>\n\n\n\n<p>Seg\u00fan inform\u00f3 el Vaticano, Le\u00f3n XIV realizar\u00e1 un viaje apost\u00f3lico del 6 al 17 de noviembre. El recorrido comenzar\u00e1 en Uruguay, donde visitar\u00e1 Montevideo, Paysand\u00fa y Florida entre el 6 y el 8 de noviembre. Luego llegar\u00e1 a la Argentina, con escalas en Buenos Aires, C\u00f3rdoba y Luj\u00e1n del 8 al 11, y finalizar\u00e1 su gira en Per\u00fa, donde recorrer\u00e1 Lima, Chiclayo, Cuzco y Pucallpa hasta el 17 de noviembre.<\/p>\n\n\n\n<p class=\"has-text-align-center\"><strong><a href=\"https:\/\/chat.whatsapp.com\/KWkTmakY3I05kNdd2oZl6d\"><em>\u00daNETE A NUESTRO GRUPO DE WHATSAPP PARA ESTAR INFORMADO<\/em><\/a><\/strong><\/p>\n\n\n\n<p><strong><em><mark style=\"background-color:rgba(0, 0, 0, 0)\" class=\"has-inline-color has-vivid-red-color\"><a href=\"https:\/\/esreviral.com\/?p=94919\" data-type=\"link\" data-id=\"https:\/\/esreviral.com\/?p=94919\">Lea Tambi\u00e9n: El arzobispo de Buenos Aires cree que la grieta pol\u00edtica no condicionar\u00e1 la visita de Le\u00f3n XIV: \u00abSu mensaje nos va a interpelar a todos\u00bb<\/a><\/mark><\/em><\/strong><\/p>\n\n\n\n<figure class=\"wp-block-image size-large\"><img decoding=\"async\" src=\"https:\/\/tn.com.ar\/resizer\/v2\/el-comunicado-del-gobierno-acerca-de-la-visita-del-papa-leon-xiv-foto-xoprargentina-HEGVKDJMQJASNFGPJP6WWNGXZI.jfif?auth=49310067fb39c3f51f2d711ac94bf57fdc85ac1f9f67be7c17e4a3762a7deaaf&amp;width=1440\" alt=\"\"\/><\/figure>\n\n\n\n<p><\/p>\n\n\n\n<p>La Santa Sede precis\u00f3 que el pont\u00edfice acept\u00f3 las invitaciones formuladas por los jefes de Estado y las autoridades eclesi\u00e1sticas de los tres pa\u00edses. El cronograma detallado de las actividades a\u00fan no fue difundido y, seg\u00fan aclar\u00f3 el Vaticano, ser\u00e1 dado a conocer \u00aba su debido tiempo\u00bb.<\/p>\n\n\n\n<h3 class=\"wp-block-heading\"><strong><mark style=\"background-color:rgba(0, 0, 0, 0)\" class=\"has-inline-color has-vivid-red-color\">El Gobierno celebr\u00f3 la visita<\/mark><\/strong><\/h3>\n\n\n\n<p>Tras la confirmaci\u00f3n oficial, el Gobierno argentino destac\u00f3 la importancia del viaje y asegur\u00f3 que se trata de \u00abun acontecimiento de enorme trascendencia espiritual e institucional\u00bb para el pa\u00eds.<\/p>\n\n\n\n<p>A trav\u00e9s de un comunicado, la Oficina del Presidente se\u00f1al\u00f3 que la visita responde a la invitaci\u00f3n oficial realizada por el presidente Javier Milei, entregada personalmente al papa por el canciller Pablo Quirno durante una misi\u00f3n oficial al Vaticano en febrero de este a\u00f1o.<\/p>\n\n\n\n<p>Adem\u00e1s, el Ejecutivo asegur\u00f3 que brindar\u00e1 todas las condiciones de seguridad y log\u00edstica necesarias para el desarrollo de la visita apost\u00f3lica y afirm\u00f3 que la Canciller\u00eda trabaja de manera coordinada con la Nunciatura Apost\u00f3lica y la Conferencia Episcopal Argentina en la organizaci\u00f3n del viaje.<\/p>\n\n\n\n<p>\u00ab<strong><em>La Rep\u00fablica Argentina est\u00e1 lista para darle la m\u00e1s cordial bienvenida al Santo Padre y renueva su compromiso para que su visita constituya un momento de alegr\u00eda y esperanza para todos los argentinos\u00bb<\/em><\/strong>, expres\u00f3 el comunicado.<\/p>\n\n\n\n<p>Por su parte, el canciller Pablo Quirno celebr\u00f3 la confirmaci\u00f3n en su cuenta de X y record\u00f3 que fue el encargado de entregar la invitaci\u00f3n oficial al pont\u00edfice. \u00ab<strong><em>Hace algunos meses tuve el honor de entregar personalmente al Santo Padre la invitaci\u00f3n del Presidente de la Naci\u00f3n para visitar la Argentina. Hoy recibimos con enorme alegr\u00eda la confirmaci\u00f3n de esa visita apost\u00f3lica\u00bb<\/em><\/strong>, escribi\u00f3.<\/p>\n\n\n\n<p>El presidente Javier Milei tambi\u00e9n manifest\u00f3 su satisfacci\u00f3n por la noticia y calific\u00f3 la llegada del pont\u00edfice como <strong><em>\u00abuna visita hist\u00f3rica para todos los argentinos\u00bb.<\/em><\/strong><\/p>\n\n\n\n<figure class=\"wp-block-image size-large\"><img decoding=\"async\" src=\"https:\/\/www.infobae.com\/resizer\/v2\/LT52T4ZDTFDJDDAXYBXDMWOEG4.jpg?auth=e299b4e9da73a2db9b56273adf2cc8a6be5dc6054a11a2f44370cb8d6094c234&amp;smart=true&amp;width=992&amp;height=1129&amp;quality=85\" alt=\"\"\/><\/figure>\n\n\n\n<p><\/p>\n\n\n\n<h3 class=\"wp-block-heading\"><strong><mark style=\"background-color:rgba(0, 0, 0, 0)\" class=\"has-inline-color has-vivid-red-color\">Una gira con una fuerte carga simb\u00f3lica<\/mark><\/strong><\/h3>\n\n\n\n<p>Antes del anuncio oficial, el presidente interino de Per\u00fa, Jos\u00e9 Mar\u00eda Balc\u00e1zar, ya hab\u00eda adelantado que Le\u00f3n XIV visitar\u00eda ese pa\u00eds durante la primera quincena de noviembre. El pont\u00edfice, nacido en Chicago, obtuvo la nacionalidad peruana en 2015 y desarroll\u00f3 gran parte de su labor pastoral en ese pa\u00eds, donde fue misionero durante m\u00e1s de dos d\u00e9cadas y obispo de Chiclayo.<\/p>\n\n\n\n<p>La visita a la Argentina tambi\u00e9n tiene un fuerte valor simb\u00f3lico. Ser\u00e1 el primer viaje de Le\u00f3n XIV al pa\u00eds desde el inicio de su pontificado y se concretar\u00e1 tras la invitaci\u00f3n formal realizada por el Gobierno nacional. Adem\u00e1s, marcar\u00e1 un hecho hist\u00f3rico al devolver al pa\u00eds la visita de un papa despu\u00e9s de varias d\u00e9cadas.<\/p>\n\n\n\n<p class=\"has-text-align-center\"><em><strong><em><strong><em><strong><em><strong><a href=\"https:\/\/t.me\/esreviral\">\u00daNETE A NUESTRO CANAL DE TELEGRAM PARA ESTAR INFORMADO<\/a><\/strong><\/em><\/strong><\/em><\/strong><\/em><\/strong><\/em><\/p>\n\n\n\n<figure class=\"wp-block-image size-large\"><img decoding=\"async\" src=\"https:\/\/www.infobae.com\/resizer\/v2\/MFIMT5SIVRHH5AMMSNMVJLOQ5U.jpg?auth=6cf5d495fbf1cf3df39c2605ed0c619b51f164af957710430e293d91d784f6b5&amp;smart=true&amp;width=992&amp;height=881&amp;quality=85\" alt=\"\"\/><\/figure>\n\n\n\n<p><\/p>\n\n\n\n<p class=\"has-text-align-right\"><strong><em>Con Informaci\u00f3n de TN e Infobae.-<\/em><\/strong><\/p>\n","protected":false},"excerpt":{"rendered":"<p>El sumo pont\u00edfice estar\u00e1 entre el 8 y el 11 de de ese mes. Antes ir\u00e1 a Uruguay y luego a Per\u00fa. Visitar\u00e1 la ciudad de Buenos Aires, Luj\u00e1n y C\u00f3rdoba, como hab\u00eda anticipado Infobae. El Gobierno activar\u00e1 un comit\u00e9 interministerial. Se prev\u00e9n misas multitudinarias, una en la Avenida 9 de Julio<\/p>\n","protected":false},"author":3,"featured_media":94917,"comment_status":"closed","ping_status":"closed","sticky":false,"template":"","format":"standard","meta":{"jnews-multi-image_gallery":[],"jnews_single_post":{"format":"standard"},"jnews_primary_category":[],"jnews_social_meta":[],"jnews_review":[],"enable_review":"","type":"","name":"","summary":"","brand":"","sku":"","good":[],"bad":[],"score_override":"","override_value":"","rating":[],"price":[],"jnews_override_counter":[],"jnews_post_split":[],"footnotes":""},"categories":[43],"tags":[44,3340,2953,1158,45,29764,129,39929],"class_list":["post-94916","post","type-post","status-publish","format-standard","has-post-thumbnail","hentry","category-actualidad","tag-argentina","tag-gobierno-nacional","tag-iglesia-catolica","tag-javier-milei","tag-noticias","tag-papa-leon-xiv","tag-vaticano","tag-visita-oficial"],"_links":{"self":[{"href":"https:\/\/esreviral.com\/index.php?rest_route=\/wp\/v2\/posts\/94916","targetHints":{"allow":["GET"]}}],"collection":[{"href":"https:\/\/esreviral.com\/index.php?rest_route=\/wp\/v2\/posts"}],"about":[{"href":"https:\/\/esreviral.com\/index.php?rest_route=\/wp\/v2\/types\/post"}],"author":[{"embeddable":true,"href":"https:\/\/esreviral.com\/index.php?rest_route=\/wp\/v2\/users\/3"}],"replies":[{"embeddable":true,"href":"https:\/\/esreviral.com\/index.php?rest_route=%2Fwp%2Fv2%2Fcomments&post=94916"}],"version-history":[{"count":2,"href":"https:\/\/esreviral.com\/index.php?rest_route=\/wp\/v2\/posts\/94916\/revisions"}],"predecessor-version":[{"id":94923,"href":"https:\/\/esreviral.com\/index.php?rest_route=\/wp\/v2\/posts\/94916\/revisions\/94923"}],"wp:featuredmedia":[{"embeddable":true,"href":"https:\/\/esreviral.com\/index.php?rest_route=\/wp\/v2\/media\/94917"}],"wp:attachment":[{"href":"https:\/\/esreviral.com\/index.php?rest_route=%2Fwp%2Fv2%2Fmedia&parent=94916"}],"wp:term":[{"taxonomy":"category","embeddable":true,"href":"https:\/\/esreviral.com\/index.php?rest_route=%2Fwp%2Fv2%2Fcategories&post=94916"},{"taxonomy":"post_tag","embeddable":true,"href":"https:\/\/esreviral.com\/index.php?rest_route=%2Fwp%2Fv2%2Ftags&post=94916"}],"curies":[{"name":"wp","href":"https:\/\/api.w.org\/{rel}","templated":true}]}}