{"id":9437,"date":"2021-08-16T08:46:08","date_gmt":"2021-08-16T11:46:08","guid":{"rendered":"http:\/\/esreviral.com\/?p=9437"},"modified":"2021-08-16T08:46:08","modified_gmt":"2021-08-16T11:46:08","slug":"vuelven-las-clases-presenciales-a-caba-en-niveles-primarios","status":"publish","type":"post","link":"https:\/\/esreviral.com\/?p=9437","title":{"rendered":"Vuelven las clases presenciales a CABA en niveles primarios"},"content":{"rendered":"\n<p>e espera que a partir de este martes, alrededor de &nbsp;290 mil alumnos de escuelas primarias porte\u00f1as p\u00fablicas y privadas vuelvan a tener clases presenciales.<\/p>\n\n\n\n<p>Los alumnos retornaran a las escuelas&nbsp;con la modalidad de&nbsp;burbujas, las cuales abarcaran&nbsp;toda el aula y seguir\u00e1n protocolos que responden a restricciones sanitarias por la pandemia del coronavirus.<\/p>\n\n\n\n<p><br>La misma modalidad, que ya rige en las escuelas secundarias, comenzar\u00e1 a aplicarse en otros niveles, como la educaci\u00f3n especial y los estudiantes de nivel superior no universitario, de las escuelas para adultos y los centros de formaci\u00f3n profesional.<\/p>\n\n\n\n<p><br>Seg\u00fan anunci\u00f3&nbsp; el Gobierno de la Ciudad, el 23 de agosto volver\u00e1n a la presencialidad completa los chicos del Nivel Inicial.<\/p>\n\n\n\n<p><br>El plan para el regreso a la presencialidad plena hab\u00eda comenzado el 4 de agosto cuando volvieron a la rutina habitual los alumnos de cuarto y quinto a\u00f1o de las escuelas secundarias y los de quinto y sexto a\u00f1o de secundaria t\u00e9cnica.<br>El lunes pasado se sumaron los alumnos de primero, segundo y tercer a\u00f1o de secundaria y del primero a cuarto a\u00f1o de las secundarias t\u00e9cnicas.<\/p>\n\n\n\n<figure class=\"wp-block-image size-large\"><img decoding=\"async\" src=\"https:\/\/esreviral.com\/wp-content\/uploads\/2021\/08\/vuelvelasclaseescaba1-16-8-21-esreviral.jpg\" alt=\"\" class=\"wp-image-9439\"\/><\/figure>\n\n\n\n<p>El nuevo protocolo marca que \u00abla burbuja pasa a ser el aula completa de cada sala\/grado\/a\u00f1o\/curso, lo que permite que haya m\u00e1s horas de clase y que todos los chicos se vuelvan a encontrar con todos sus compa\u00f1eros\u00bb.<\/p>\n\n\n\n<p><br>Entre los diferentes grupos burbujas se deber\u00e1 respetar la medida de distanciamiento social de al menos 1,5 metros.<\/p>\n\n\n\n<p><br>Tambi\u00e9n se indica que \u00abpara el desarrollo de las clases presenciales a cada estudiante se le asignar\u00e1 en el aula un lugar fijo que deber\u00e1 respetar y que no podr\u00e1 ser modificado\u00bb.<\/p>\n\n\n\n<p><br>El Gobierno porte\u00f1o asegur\u00f3 que&nbsp;\u00absi siempre se cumplen las medidas sanitarias de higiene, ventilaci\u00f3n, distanciamiento y uso obligatorio del barbijo, las aulas son un lugar cuidado y seguro\u00bb y record\u00f3 que \u00abla presencialidad es obligatoria en la Ciudad\u00bb.<\/p>\n\n\n\n<p>No obstante, se se\u00f1al\u00f3 que \u00abaquellos estudiantes que tengan condiciones de riesgo o convivan con personas de riesgo estar\u00e1n exceptuados y van a poder seguir aprendiendo a la distancia\u00bb.<\/p>\n\n\n\n<p class=\"has-text-align-right\"><strong><em>filo.news<\/em><\/strong><\/p>\n","protected":false},"excerpt":{"rendered":"<p>Unos 290 mil alumnos de escuelas primarias porte\u00f1as p\u00fablicas y privadas volver\u00e1n a tener a partir de este martes clases presenciales.<\/p>\n","protected":false},"author":2,"featured_media":9438,"comment_status":"open","ping_status":"open","sticky":false,"template":"","format":"standard","meta":{"jnews-multi-image_gallery":[],"jnews_single_post":[],"jnews_primary_category":[],"jnews_social_meta":[],"jnews_review":[],"enable_review":"","type":"","name":"","summary":"","brand":"","sku":"","good":[],"bad":[],"score_override":"","override_value":"","rating":[],"price":[],"jnews_override_counter":[],"jnews_post_split":[],"footnotes":""},"categories":[43,58],"tags":[44,727,45],"class_list":["post-9437","post","type-post","status-publish","format-standard","has-post-thumbnail","hentry","category-actualidad","category-argentina","tag-argentina","tag-clases-presenciales","tag-noticias"],"amp_enabled":true,"_links":{"self":[{"href":"https:\/\/esreviral.com\/index.php?rest_route=\/wp\/v2\/posts\/9437"}],"collection":[{"href":"https:\/\/esreviral.com\/index.php?rest_route=\/wp\/v2\/posts"}],"about":[{"href":"https:\/\/esreviral.com\/index.php?rest_route=\/wp\/v2\/types\/post"}],"author":[{"embeddable":true,"href":"https:\/\/esreviral.com\/index.php?rest_route=\/wp\/v2\/users\/2"}],"replies":[{"embeddable":true,"href":"https:\/\/esreviral.com\/index.php?rest_route=%2Fwp%2Fv2%2Fcomments&post=9437"}],"version-history":[{"count":0,"href":"https:\/\/esreviral.com\/index.php?rest_route=\/wp\/v2\/posts\/9437\/revisions"}],"wp:featuredmedia":[{"embeddable":true,"href":"https:\/\/esreviral.com\/index.php?rest_route=\/"}],"wp:attachment":[{"href":"https:\/\/esreviral.com\/index.php?rest_route=%2Fwp%2Fv2%2Fmedia&parent=9437"}],"wp:term":[{"taxonomy":"category","embeddable":true,"href":"https:\/\/esreviral.com\/index.php?rest_route=%2Fwp%2Fv2%2Fcategories&post=9437"},{"taxonomy":"post_tag","embeddable":true,"href":"https:\/\/esreviral.com\/index.php?rest_route=%2Fwp%2Fv2%2Ftags&post=9437"}],"curies":[{"name":"wp","href":"https:\/\/api.w.org\/{rel}","templated":true}]}}