{"id":9433,"date":"2021-08-16T08:22:40","date_gmt":"2021-08-16T11:22:40","guid":{"rendered":"http:\/\/esreviral.com\/?p=9433"},"modified":"2021-08-16T08:22:40","modified_gmt":"2021-08-16T11:22:40","slug":"el-regimen-de-nicolas-maduro-excarcelo-al-lider-opositor-freddy-guevara-tras-las-primeras-negociaciones-de-mexico","status":"publish","type":"post","link":"https:\/\/esreviral.com\/?p=9433","title":{"rendered":"El r\u00e9gimen de Nicol\u00e1s Maduro excarcel\u00f3 al l\u00edder opositor Freddy Guevara tras las primeras negociaciones de M\u00e9xico"},"content":{"rendered":"\n<p>El l\u00edder opositor venezolano,&nbsp;<strong>Freddy Guevara, fue liberado en horas de la noche de este domingo, tras haber permanecido por m\u00e1s de un mes bajo detenci\u00f3n forzosa por parte del r\u00e9gimen de Nicol\u00e1s Maduro<\/strong>&nbsp;en las instalaciones del Helicoide, un centro de reclusi\u00f3n y torturas de la dictadura chavista.<\/p>\n\n\n\n<p><strong>\u201cA esta hora no tengo claridad de cu\u00e1les son las medidas, el abogado es el que tiene m\u00e1s informaci\u00f3n. Tenemos que averiguarlo porque no tengo claro cu\u00e1les son las limitaciones\u201d<\/strong>, dijo el opositor tras su salida de prisi\u00f3n.<\/p>\n\n\n\n<p><strong>Guevara asegur\u00f3 que durante su cautiverio permaneci\u00f3 incomunicado<\/strong>&nbsp;por lo que no ten\u00eda \u201cinformaci\u00f3n pol\u00edtica\u201d de cu\u00e1les podr\u00edan haber sido los motivos que facilitaron su excarcelaci\u00f3n, por lo que asegur\u00f3 que&nbsp;<strong>se reunir\u00e1 tanto con su equipo legal para conocer los procedimientos, como con su colegas pol\u00edticos para analizar las causas de su salida de prisi\u00f3n.<\/strong><\/p>\n\n\n\n<p><strong>\u201cTodos los que han sido presos pol\u00edticos van a entender que uno est\u00e1 realmente aislado. Hace tres o cuatro d\u00edas fue que me logr\u00e9 enterar en el mismo d\u00eda, que hab\u00eda salido Roberto Enriquez de la Embajada, que hab\u00eda iniciado un proceso en M\u00e9xico y hay una reconversi\u00f3n monetaria. Es decir, la verdad es que no tengo informaci\u00f3n de lo que est\u00e1 pasando\u201d,\u00a0<\/strong>dijo el ex diputado a la Asamblea Nacional de Venezuela (AN).<\/p>\n\n\n\n<figure class=\"wp-block-embed-twitter wp-block-embed is-type-rich is-provider-twitter\"><div class=\"wp-block-embed__wrapper\">\n<blockquote class=\"twitter-tweet\" data-width=\"500\" data-dnt=\"true\"><p lang=\"qht\" dir=\"ltr\"><a href=\"https:\/\/twitter.com\/hashtag\/Ahora?src=hash&amp;ref_src=twsrc%5Etfw\">#Ahora<\/a> <a href=\"https:\/\/twitter.com\/hashtag\/venezuela?src=hash&amp;ref_src=twsrc%5Etfw\">#venezuela<\/a> <a href=\"https:\/\/t.co\/d9r25WWkTX\">https:\/\/t.co\/d9r25WWkTX<\/a><\/p>&mdash; ES RE VIRAL (@esreviral) <a href=\"https:\/\/twitter.com\/esreviral\/status\/1427090438440341511?ref_src=twsrc%5Etfw\">August 16, 2021<\/a><\/blockquote><script async src=\"https:\/\/platform.twitter.com\/widgets.js\" charset=\"utf-8\"><\/script>\n<\/div><\/figure>\n\n\n\n<p>Tras ser consultado si su salida de la sede del Servicio&nbsp;<strong>Servicio Bolivariano de Inteligencia Nacional<\/strong>&nbsp;(<strong>SEBIN<\/strong>) era para que participara en las negociaciones que se est\u00e1n llevando a cabo entre el r\u00e9gimen de Maduro y la oposici\u00f3n venezolana en M\u00e9xico, el dirigente asegur\u00f3 que desconoce si eso es cierto y que va a \u201caveriguar qu\u00e9 informaci\u00f3n hay\u201d al respecto.<\/p>\n\n\n\n<p><strong>\u201cLo que si estoy convencido, lo mismo que dije cuando sal\u00ed de la Embajada (chilena) es que, yo estoy claro, convencido y s\u00e9 que mi libertad es condicional\u201d<\/strong>, afirm\u00f3 Guevara a los medios.<\/p>\n\n\n\n<p><strong>\u201cYo decid\u00ed quedarme en Venezuela, incluso con los riesgos que ello implicaba porque pensaba que era el mejor espacio para luchar por mi pa\u00eds y yo s\u00e9 que igual mientras en Venezuela no haya una soluci\u00f3n pol\u00edtica mi libertad es condicional y la libertad de todos los venezolanos\u201d<\/strong>, agreg\u00f3 el opositor.<\/p>\n\n\n\n<p><strong>Guevara, de 35 a\u00f1os, podr\u00e1 regresar a su casa y se espera que represente a Guaid\u00f3 cuando los representantes del r\u00e9gimen y la oposici\u00f3n se re\u00fanan en Ciudad de M\u00e9xico en las pr\u00f3ximas semanas. La cita est\u00e1 pautada entre el 3 y el 6 de septiembre.<\/strong><\/p>\n\n\n\n<p>En M\u00e9xico,&nbsp;<strong>Guevara podr\u00eda sustituir a Carlos Vecchio, embajador de Guaid\u00f3 en EEUU. Los negociadores de Maduro hab\u00edan objetado la presencia de Vecchio cuando ambas partes se reunieron el viernes para firmar un memorando de entendimiento para establecer las negociaciones.&nbsp;<\/strong>Exigieron que renunciara a su cargo de embajador si continuaba como negociador, una condici\u00f3n que la oposici\u00f3n finalmente rechaz\u00f3.<\/p>\n\n\n\n<p>La liberaci\u00f3n de Guevara se considera una concesi\u00f3n por parte de Maduro en el momento en que se inician las conversaciones.<\/p>\n\n\n\n<p>Guevara, ex vicepresidente de la Asamblea Nacional, liderada por la oposici\u00f3n, fue detenido el 12 de julio. El r\u00e9gimen le acus\u00f3 de colaborar con bandas criminales para organizar un enfrentamiento mortal de tres d\u00edas con las fuerzas de seguridad en una barriada del oeste de Caracas. El Ministerio P\u00fablico lo acus\u00f3 de estar asociado a grupos \u201cextremistas y paramilitares\u201d vinculados al gobierno colombiano.<\/p>\n\n\n\n<figure class=\"wp-block-image size-large\"><img decoding=\"async\" src=\"https:\/\/esreviral.com\/wp-content\/uploads\/2021\/08\/freddyguevara-16-8-21-esreviral-1024x683.jpg\" alt=\"\" class=\"wp-image-9434\"\/><\/figure>\n\n\n\n<p><strong>La excarcelaci\u00f3n de Guevara ocurre tras el arranque el viernes de las negociaciones en M\u00e9xico entre la delegaci\u00f3n del r\u00e9gimen de Nicol\u00e1s Maduro, encabezada por el presidente de la Asamblea Nacional chavista, Jorge Rodr\u00edguez, y la opositora Plataforma Unitaria de Venezuela, representada por el abogado Gerardo Blyde.<\/strong><\/p>\n\n\n\n<p><strong>Con este proceso, impulsado por Noruega y albergado por M\u00e9xico, la oposici\u00f3n exige elecciones \u201clibres\u201d en las elecciones regionales del 21 de noviembre, mientras que el dictador Maduro pretende que se levanten las sanciones internacionales.<\/strong><\/p>\n\n\n\n<p>En el inicio del proceso, los sectores firmaron en el Museo Nacional de Antropolog\u00eda de M\u00e9xico un memorando de entendimiento, con una agenda que incluye la negociaci\u00f3n sobre \u201cderechos pol\u00edticos para todos\u201d, garant\u00edas electorales y un cronograma para elecciones observables.<\/p>\n\n\n\n<p>Tambi\u00e9n abarca el levantamiento de sanciones, la renuncia de la violencia, la reparaci\u00f3n de las v\u00edctimas, protecci\u00f3n de la econom\u00eda nacional y medidas de protecci\u00f3n social al pueblo venezolano y garant\u00edas de implementaci\u00f3n, seguimiento y verificaci\u00f3n.<\/p>\n\n\n\n<p>Las negociaciones han transcurrido con hermetismo en un hotel de Ciudad de M\u00e9xico, sin declaraciones a medios de ninguna de las agrupaciones y sin acceso a la prensa.&nbsp;<strong>\u201cQueremos reiterar nuestro compromiso con las pautas establecidas, incluso adoptando la m\u00e1xima precauci\u00f3n respecto a la reserva del proceso, y siendo prudentes y escuetos en nuestros comentarios al respecto\u201d<\/strong>, indic\u00f3 el posicionamiento.<\/p>\n\n\n\n<p>Estados Unidos, la Uni\u00f3n Europea (UE) y Canad\u00e1 han confiado en que el nuevo di\u00e1logo logre \u201cacuerdos duraderos\u201d, al reconocer que est\u00e1n dispuestos a revisar sus sanciones a Caracas si hay \u201cavances significativos\u201d. En tanto, Rusia ofreci\u00f3 \u201capoyo necesario al proceso de di\u00e1logo\u201d.<\/p>\n\n\n\n<p>\u201cNos gustar\u00eda manifestar nuestro profundo aprecio por las expresiones de apoyo al proceso de negociaci\u00f3n y di\u00e1logo por parte de los miembros de la comunidad internacional\u201d, concluy\u00f3 el texto del r\u00e9gimen y la oposici\u00f3n sin m\u00e1s detalles.<\/p>\n\n\n\n<p class=\"has-text-align-right\"><strong><em>infobae<\/em><\/strong><\/p>\n","protected":false},"excerpt":{"rendered":"<p>El dirigente de Voluntad Popular asegur\u00f3 no tener precisi\u00f3n bajo qu\u00e9 medida queda condicionada su salida de prisi\u00f3n y asegur\u00f3 haber permanecido aislado durante todo su cautiverio.<\/p>\n","protected":false},"author":2,"featured_media":9435,"comment_status":"open","ping_status":"open","sticky":false,"template":"","format":"standard","meta":{"jnews-multi-image_gallery":[],"jnews_single_post":[],"jnews_primary_category":[],"jnews_social_meta":[],"jnews_review":[],"enable_review":"","type":"","name":"","summary":"","brand":"","sku":"","good":[],"bad":[],"score_override":"","override_value":"","rating":[],"price":[],"jnews_override_counter":[],"jnews_post_split":[],"footnotes":""},"categories":[59],"tags":[959,1068],"class_list":["post-9433","post","type-post","status-publish","format-standard","has-post-thumbnail","hentry","category-politica","tag-freddy-guevara","tag-nicolas-maduro"],"amp_enabled":true,"_links":{"self":[{"href":"https:\/\/esreviral.com\/index.php?rest_route=\/wp\/v2\/posts\/9433"}],"collection":[{"href":"https:\/\/esreviral.com\/index.php?rest_route=\/wp\/v2\/posts"}],"about":[{"href":"https:\/\/esreviral.com\/index.php?rest_route=\/wp\/v2\/types\/post"}],"author":[{"embeddable":true,"href":"https:\/\/esreviral.com\/index.php?rest_route=\/wp\/v2\/users\/2"}],"replies":[{"embeddable":true,"href":"https:\/\/esreviral.com\/index.php?rest_route=%2Fwp%2Fv2%2Fcomments&post=9433"}],"version-history":[{"count":0,"href":"https:\/\/esreviral.com\/index.php?rest_route=\/wp\/v2\/posts\/9433\/revisions"}],"wp:featuredmedia":[{"embeddable":true,"href":"https:\/\/esreviral.com\/index.php?rest_route=\/"}],"wp:attachment":[{"href":"https:\/\/esreviral.com\/index.php?rest_route=%2Fwp%2Fv2%2Fmedia&parent=9433"}],"wp:term":[{"taxonomy":"category","embeddable":true,"href":"https:\/\/esreviral.com\/index.php?rest_route=%2Fwp%2Fv2%2Fcategories&post=9433"},{"taxonomy":"post_tag","embeddable":true,"href":"https:\/\/esreviral.com\/index.php?rest_route=%2Fwp%2Fv2%2Ftags&post=9433"}],"curies":[{"name":"wp","href":"https:\/\/api.w.org\/{rel}","templated":true}]}}