{"id":94237,"date":"2026-07-17T15:31:39","date_gmt":"2026-07-17T20:31:39","guid":{"rendered":"https:\/\/esreviral.com\/?p=94237"},"modified":"2026-07-17T15:42:52","modified_gmt":"2026-07-17T20:42:52","slug":"abren-los-grandes-supermercados-este-domingo-por-la-final-de-argentina-vs-espana-por-el-mundial-2026","status":"publish","type":"post","link":"https:\/\/esreviral.com\/?p=94237","title":{"rendered":"\u00bfAbren los grandes supermercados este domingo por la final de Argentina vs Espa\u00f1a por el Mundial 2026?"},"content":{"rendered":"\n<p>Este <strong>domingo 19 de julio<\/strong>, Argentina y Espa\u00f1a disputar\u00e1n la final del <strong>Mundial 2026<\/strong>. Con motivo del encuentro, varios comercios modificar\u00e1n sus horarios de atenci\u00f3n, entre ellos las principales cadenas de supermercados.<\/p>\n\n\n\n<p><strong>Carrefour, Disco y Coto<\/strong> informaron que abrir\u00e1n con normalidad, pero <strong>cerrar\u00e1n sus sucursales a las 15:00<\/strong>, por lo que recomendaron a los clientes realizar sus compras con anticipaci\u00f3n.<\/p>\n\n\n\n<p class=\"has-text-align-center\"><strong><a href=\"https:\/\/chat.whatsapp.com\/KWkTmakY3I05kNdd2oZl6d\"><em>\u00daNETE A NUESTRO GRUPO DE WHATSAPP PARA ESTAR INFORMADO<\/em><\/a><\/strong><\/p>\n\n\n\n<p>En el caso de <strong>Carrefour<\/strong>, la empresa precis\u00f3 que las tiendas de formato <strong>24 horas<\/strong> reanudar\u00e1n su atenci\u00f3n habitual a partir de las <strong>22:00<\/strong> del mismo domingo.<\/p>\n\n\n\n<h2 class=\"wp-block-heading\"><strong><mark style=\"background-color:rgba(0, 0, 0, 0)\" class=\"has-inline-color has-vivid-red-color\">El Gobierno eval\u00faa declarar asueto o feriado<\/mark><\/strong><\/h2>\n\n\n\n<p>En paralelo, el Gobierno nacional analiza la posibilidad de <strong>declarar un asueto administrativo o un feriado nacional<\/strong> tras la final del Mundial.<\/p>\n\n\n\n<p>Fuentes oficiales se\u00f1alaron que la medida <strong>\u00abest\u00e1 en evaluaci\u00f3n\u00bb<\/strong> y depender\u00e1 de los preparativos para el eventual recibimiento de la Selecci\u00f3n argentina, independientemente del resultado del partido.<\/p>\n\n\n\n<p>El Ejecutivo trabaja en distintos escenarios vinculados al regreso del plantel, incluyendo la fecha de arribo, el aeropuerto de llegada y el esquema de los posibles festejos, aunque a\u00fan aguarda definiciones por parte de la <strong>AFA<\/strong> y de los jugadores.<\/p>\n\n\n\n<p>Como antecedente, la Casa Rosada recuerda lo ocurrido tras el <strong>Mundial de Qatar 2022<\/strong>, cuando el gobierno de Alberto Fern\u00e1ndez decret\u00f3 <strong>feriado nacional el martes 20 de diciembre<\/strong>, dos d\u00edas despu\u00e9s de la consagraci\u00f3n de Argentina, para facilitar los festejos populares.<\/p>\n\n\n\n<p>No obstante, desde el oficialismo aclaran que ese caso sirve \u00fanicamente como referencia y que todav\u00eda no est\u00e1 definido si se avanzar\u00e1 con un <strong>feriado nacional<\/strong> o con un <strong>asueto administrativo<\/strong>. La diferencia radica en que el feriado tiene un alcance m\u00e1s amplio sobre la actividad p\u00fablica y privada, mientras que el asueto puede limitarse exclusivamente a la administraci\u00f3n p\u00fablica nacional o a determinados organismos.<\/p>\n\n\n\n<p>Asimismo, el Gobierno mantiene contactos con la <strong>Ciudad de Buenos Aires<\/strong> para coordinar un eventual operativo de seguridad en caso de una celebraci\u00f3n. Entre las alternativas que se analizan figuran <strong>Plaza de Mayo<\/strong> y las inmediaciones de la <strong>Casa Rosada<\/strong>, aunque la decisi\u00f3n final depender\u00e1 de la voluntad del plantel.<\/p>\n\n\n\n<p class=\"has-text-align-center\"><em><strong><em><strong><em><strong><em><strong><a href=\"https:\/\/t.me\/esreviral\">\u00daNETE A NUESTRO CANAL DE TELEGRAM PARA ESTAR INFORMADO<\/a><\/strong><\/em><\/strong><\/em><\/strong><\/em><\/strong><\/em><\/p>\n\n\n\n<p>Tambi\u00e9n resta definir si la Selecci\u00f3n arribar\u00e1 al pa\u00eds por <strong>Ezeiza<\/strong> o por <strong>Aeroparque<\/strong>, un aspecto clave para organizar los operativos de tr\u00e1nsito, seguridad y circulaci\u00f3n.<\/p>\n\n\n\n<p class=\"has-text-align-right\"><strong><em>Con Informaci\u00f3n de TN.-<\/em><\/strong><\/p>\n","protected":false},"excerpt":{"rendered":"<p>Conoce c\u00f3mo ser\u00e1 la atenci\u00f3n de los comercios.<\/p>\n","protected":false},"author":3,"featured_media":65661,"comment_status":"closed","ping_status":"closed","sticky":false,"template":"","format":"standard","meta":{"jnews-multi-image_gallery":[],"jnews_single_post":{"format":"standard"},"jnews_primary_category":[],"jnews_social_meta":[],"jnews_review":[],"enable_review":"","type":"","name":"","summary":"","brand":"","sku":"","good":[],"bad":[],"score_override":"","override_value":"","rating":[],"price":[],"jnews_override_counter":[],"jnews_post_split":[],"footnotes":""},"categories":[43,58],"tags":[44,34227,2421,45,5132],"class_list":["post-94237","post","type-post","status-publish","format-standard","has-post-thumbnail","hentry","category-actualidad","category-argentina","tag-argentina","tag-final","tag-mundial-2026","tag-noticias","tag-supermercados"],"_links":{"self":[{"href":"https:\/\/esreviral.com\/index.php?rest_route=\/wp\/v2\/posts\/94237","targetHints":{"allow":["GET"]}}],"collection":[{"href":"https:\/\/esreviral.com\/index.php?rest_route=\/wp\/v2\/posts"}],"about":[{"href":"https:\/\/esreviral.com\/index.php?rest_route=\/wp\/v2\/types\/post"}],"author":[{"embeddable":true,"href":"https:\/\/esreviral.com\/index.php?rest_route=\/wp\/v2\/users\/3"}],"replies":[{"embeddable":true,"href":"https:\/\/esreviral.com\/index.php?rest_route=%2Fwp%2Fv2%2Fcomments&post=94237"}],"version-history":[{"count":1,"href":"https:\/\/esreviral.com\/index.php?rest_route=\/wp\/v2\/posts\/94237\/revisions"}],"predecessor-version":[{"id":94238,"href":"https:\/\/esreviral.com\/index.php?rest_route=\/wp\/v2\/posts\/94237\/revisions\/94238"}],"wp:featuredmedia":[{"embeddable":true,"href":"https:\/\/esreviral.com\/index.php?rest_route=\/wp\/v2\/media\/65661"}],"wp:attachment":[{"href":"https:\/\/esreviral.com\/index.php?rest_route=%2Fwp%2Fv2%2Fmedia&parent=94237"}],"wp:term":[{"taxonomy":"category","embeddable":true,"href":"https:\/\/esreviral.com\/index.php?rest_route=%2Fwp%2Fv2%2Fcategories&post=94237"},{"taxonomy":"post_tag","embeddable":true,"href":"https:\/\/esreviral.com\/index.php?rest_route=%2Fwp%2Fv2%2Ftags&post=94237"}],"curies":[{"name":"wp","href":"https:\/\/api.w.org\/{rel}","templated":true}]}}