{"id":94191,"date":"2026-07-17T16:09:13","date_gmt":"2026-07-17T21:09:13","guid":{"rendered":"https:\/\/esreviral.com\/?p=94191"},"modified":"2026-07-17T16:09:14","modified_gmt":"2026-07-17T21:09:14","slug":"como-elegir-el-protector-solar-diario-ideal-esto-dicen-los-expertos","status":"publish","type":"post","link":"https:\/\/esreviral.com\/?p=94191","title":{"rendered":"\u00bfC\u00f3mo elegir el protector solar diario ideal?: Esto dicen los expertos"},"content":{"rendered":"\n<p>El uso diario del protector solar es una de las principales recomendaciones de los dermat\u00f3logos para prevenir el c\u00e1ncer de piel y protegerla de los efectos nocivos de la radiaci\u00f3n ultravioleta (UV). Este producto act\u00faa como una barrera que ayuda a evitar las quemaduras solares, retrasa el envejecimiento prematuro \u2014como la aparici\u00f3n de arrugas y flacidez\u2014 y reduce el riesgo de manchas provocadas por el sol.<\/p>\n\n\n\n<p>Contrario a la creencia popular, el protector solar no debe utilizarse \u00fanicamente cuando se va a la playa o a la piscina. Los especialistas recomiendan incorporarlo a la rutina diaria de cuidado de la piel, incluso si no se tiene previsto salir de casa, ya que la radiaci\u00f3n UV puede atravesar ventanas y tambi\u00e9n est\u00e1 presente durante actividades cotidianas.<\/p>\n\n\n\n<p class=\"has-text-align-center\"><strong><a href=\"https:\/\/chat.whatsapp.com\/KWkTmakY3I05kNdd2oZl6d\"><em>\u00daNETE A NUESTRO GRUPO DE WHATSAPP PARA ESTAR INFORMADO<\/em><\/a><\/strong><\/p>\n\n\n\n<h2 class=\"wp-block-heading\"><strong><mark style=\"background-color:rgba(0, 0, 0, 0)\" class=\"has-inline-color has-vivid-red-color\">Un aliado para cuidar la piel<\/mark><\/strong><\/h2>\n\n\n\n<p>Aplicar protector solar todos los d\u00edas ayuda a prevenir manchas, minimizar los signos del envejecimiento y disminuir el riesgo de desarrollar c\u00e1ncer de piel. Por ello, los dermat\u00f3logos aconsejan incluirlo como un paso indispensable dentro de la rutina de cuidado facial.<\/p>\n\n\n\n<p>Actualmente existen f\u00f3rmulas con texturas ultraligeras, fluidas o en s\u00e9rum que se absorben r\u00e1pidamente, no dejan sensaci\u00f3n grasosa y permiten aplicar maquillaje u otros productos cosm\u00e9ticos sin inconvenientes.<\/p>\n\n\n\n<h2 class=\"wp-block-heading\"><strong><mark style=\"background-color:rgba(0, 0, 0, 0)\" class=\"has-inline-color has-vivid-red-color\">\u00bfC\u00f3mo elegir el protector solar adecuado?<\/mark><\/strong><\/h2>\n\n\n\n<p>En el mercado hay protectores solares para distintos tipos de piel y necesidades espec\u00edficas. Existen opciones con acabado invisible, texturas ligeras, f\u00f3rmulas hidratantes o productos especialmente dise\u00f1ados para pieles grasas, lo que facilita encontrar uno c\u00f3modo para el uso diario.<\/p>\n\n\n\n<p>Los especialistas del <strong>Laboratorio Roche<\/strong> recomiendan elegir el protector solar seg\u00fan el tipo de piel para garantizar una protecci\u00f3n eficaz y evitar irritaciones.<\/p>\n\n\n\n<ul class=\"wp-block-list\">\n<li><strong>Piel grasa:<\/strong> se aconsejan f\u00f3rmulas ligeras, libres de aceite (<em>oil free<\/em>) y no comedog\u00e9nicas, que ayudan a controlar el brillo y evitan la obstrucci\u00f3n de los poros.<\/li>\n\n\n\n<li><strong>Piel seca:<\/strong> lo ideal es optar por protectores con ingredientes hidratantes y reparadores que ayuden a mantener la barrera cut\u00e1nea.<\/li>\n\n\n\n<li><strong>Piel mixta o con tendencia al acn\u00e9:<\/strong> se recomiendan texturas fluidas o en gel-crema, que hidratan sin aportar exceso de grasa.<\/li>\n<\/ul>\n\n\n\n<p><\/p>\n\n\n\n<p class=\"has-text-align-center\"><em><strong><em><strong><em><strong><em><strong><a href=\"https:\/\/t.me\/esreviral\">\u00daNETE A NUESTRO CANAL DE TELEGRAM PARA ESTAR INFORMADO<\/a><\/strong><\/em><\/strong><\/em><\/strong><\/em><\/strong><\/em><\/p>\n\n\n\n<p>Incorporar el protector solar a la rutina diaria es una medida sencilla que contribuye a mantener la piel saludable y protegida a largo plazo.<\/p>\n\n\n\n<p class=\"has-text-align-right\"><strong><em>Con Informaci\u00f3n de 2001online.com.-<\/em><\/strong><\/p>\n","protected":false},"excerpt":{"rendered":"<p>Lo ideal es que este producto forme parte de los cosm\u00e9ticos y que sean de texturas ultraligeras<\/p>\n","protected":false},"author":3,"featured_media":94192,"comment_status":"closed","ping_status":"closed","sticky":false,"template":"","format":"standard","meta":{"jnews-multi-image_gallery":[],"jnews_single_post":{"format":"standard"},"jnews_primary_category":[],"jnews_social_meta":[],"jnews_review":[],"enable_review":"","type":"","name":"","summary":"","brand":"","sku":"","good":[],"bad":[],"score_override":"","override_value":"","rating":[],"price":[],"jnews_override_counter":[],"jnews_post_split":[],"footnotes":""},"categories":[84],"tags":[45,2959,15273,2960,19708],"class_list":["post-94191","post","type-post","status-publish","format-standard","has-post-thumbnail","hentry","category-salud","tag-noticias","tag-piel","tag-protector-solar","tag-rostro","tag-sol"],"_links":{"self":[{"href":"https:\/\/esreviral.com\/index.php?rest_route=\/wp\/v2\/posts\/94191","targetHints":{"allow":["GET"]}}],"collection":[{"href":"https:\/\/esreviral.com\/index.php?rest_route=\/wp\/v2\/posts"}],"about":[{"href":"https:\/\/esreviral.com\/index.php?rest_route=\/wp\/v2\/types\/post"}],"author":[{"embeddable":true,"href":"https:\/\/esreviral.com\/index.php?rest_route=\/wp\/v2\/users\/3"}],"replies":[{"embeddable":true,"href":"https:\/\/esreviral.com\/index.php?rest_route=%2Fwp%2Fv2%2Fcomments&post=94191"}],"version-history":[{"count":1,"href":"https:\/\/esreviral.com\/index.php?rest_route=\/wp\/v2\/posts\/94191\/revisions"}],"predecessor-version":[{"id":94193,"href":"https:\/\/esreviral.com\/index.php?rest_route=\/wp\/v2\/posts\/94191\/revisions\/94193"}],"wp:featuredmedia":[{"embeddable":true,"href":"https:\/\/esreviral.com\/index.php?rest_route=\/wp\/v2\/media\/94192"}],"wp:attachment":[{"href":"https:\/\/esreviral.com\/index.php?rest_route=%2Fwp%2Fv2%2Fmedia&parent=94191"}],"wp:term":[{"taxonomy":"category","embeddable":true,"href":"https:\/\/esreviral.com\/index.php?rest_route=%2Fwp%2Fv2%2Fcategories&post=94191"},{"taxonomy":"post_tag","embeddable":true,"href":"https:\/\/esreviral.com\/index.php?rest_route=%2Fwp%2Fv2%2Ftags&post=94191"}],"curies":[{"name":"wp","href":"https:\/\/api.w.org\/{rel}","templated":true}]}}