{"id":9416,"date":"2021-08-15T09:09:59","date_gmt":"2021-08-15T12:09:59","guid":{"rendered":"http:\/\/esreviral.com\/?p=9416"},"modified":"2021-08-15T09:09:59","modified_gmt":"2021-08-15T12:09:59","slug":"marcelo-el-pequeno-gran-actor-venezolano-que-estara-en-netflix","status":"publish","type":"post","link":"https:\/\/esreviral.com\/?p=9416","title":{"rendered":"Marcelo: El peque\u00f1o gran actor venezolano que estar\u00e1 en Netflix"},"content":{"rendered":"\n<p><strong><em>Carlos Iv\u00e1n Su\u00e1rez.-<\/em><\/strong> En marco del D\u00eda del Ni\u00f1o en Argentina, hay que resaltar a uno que desde hace un tiempo ha venido cosechando \u00e9xitos y triunfos. Se trata de <strong>Marcelo Michinaux, el peque\u00f1o gran actor venezolano de tan s\u00f3lo seis a\u00f1os de edad <\/strong>y que en los pr\u00f3ximos meses se estrenar\u00e1 en Netflix, la plataforma m\u00e1s importante actualmente en el \u00e1rea. <\/p>\n\n\n\n<p>\u00abMe siento muy feliz. Ya no tengo miedo porque me di cuenta que pod\u00eda hacerlo\u00bb, expresa emocionado Marcelo, al salir de sus clases de actuaci\u00f3n que recibe para mejorar su oficio. <\/p>\n\n\n\n<p>El peque\u00f1o encarnar\u00e1 a David, uno de los principales papees en <strong>Distancia de Rescate, cuyo rodaje se realiz\u00f3 hace dos a\u00f1os en Chile<\/strong> y est\u00e1 dirigida por la la cineasta peruana Claudia Llosa.<\/p>\n\n\n\n<p>Ah\u00ed, Marcelo demostr\u00f3 su calidad actoral, tanto as\u00ed que sorprendi\u00f3 a su madre Joseliz L\u00f3pez, quien se mud\u00f3 todo un mes con su hijo para el vecino pa\u00eds y as\u00ed acompa\u00f1arlo en su debut actoral. <\/p>\n\n\n\n<figure class=\"wp-block-image size-large is-resized\"><img fetchpriority=\"high\" decoding=\"async\" src=\"https:\/\/esreviral.com\/wp-content\/uploads\/2021\/08\/WhatsApp-Image-2021-08-14-at-15.56.25-1-1024x768.jpeg\" alt=\"\" class=\"wp-image-9420\" width=\"618\" height=\"463\"\/><figcaption>Marcelo, en el rodaje de una pel\u00edcula<\/figcaption><\/figure>\n\n\n\n<p>\u00abTodo fue de casualidad. Cuando llegu\u00e9 a Argentina me puse a buscar por Instagram algunos castings, consegu\u00ed ese y no pens\u00e9 que fuese a quedar, <strong>apenas \u00e9l ten\u00eda cuatro a\u00f1os de edad\u00bb<\/strong>, narra la orgullosa madre. <\/p>\n\n\n\n<p>Al llegar al set de grabaci\u00f3n lo hicieron pasar s\u00f3lo al ni\u00f1o, as\u00ed que sus padres le echaron la bendici\u00f3n y a esperar. \u00abCuando sale una de las productoras me pregunta su nombre, y pensamos que no le entendieron ni el nombre, as\u00ed que no cre\u00edamos que quedar\u00eda. Nos explicaron que era porque <strong>\u00e9l se hac\u00eda llamar Superman<\/strong> (risas), despu\u00e9s nos informaron que qued\u00f3 para el segundo casting que fue en Chile\u00bb. <\/p>\n\n\n\n<p>Estando en Chile, tras la segunda prueba, la madre nerviosa conversa con el productor y le dice que su hijo es un \u00abcapo\u00bb, ella no entend\u00eda el t\u00e9rmino argentino, as\u00ed que nerviosa, llam\u00f3 a su esposo, \u00abah\u00ed \u00e9l me explic\u00f3 que era algo positivo y me alegr\u00e9. Ya luego nos confirmaron que hab\u00eda quedado\u00bb. <\/p>\n\n\n\n<p>En la pel\u00edcula comparti\u00f3 con grandes actores latinoamericanos y fue bien recibido en el equipo.<strong> En septiembre se estrenar\u00e1 en el festival de San Sebasti\u00e1n, luego la llevar\u00e1n a otros festivales y finalmente por Netflix. <\/strong><\/p>\n\n\n\n<p>\u00abYo me qued\u00e9 impactada viendo a mi hijo haciendo cosas que jam\u00e1s me imaginaba pod\u00eda hacer porque es una pel\u00edcula de suspenso, drama, es fuerte\u00bb.<\/p>\n\n\n\n<p>Tambi\u00e9n se le puede ver en Terapia Alternativa que ya se estren\u00f3 <\/p>\n\n\n\n<div class=\"wp-block-image\"><figure class=\"alignright size-large is-resized\"><img decoding=\"async\" src=\"https:\/\/esreviral.com\/wp-content\/uploads\/2021\/08\/WhatsApp-Image-2021-08-14-at-16.47.31-768x1024.jpeg\" alt=\"\" class=\"wp-image-9422\" width=\"379\" height=\"496\"\/><figcaption>El modelaje de ropa para ni\u00f1os, ha sido otro de los talentos que Marcelo ha dmeostrado<\/figcaption><\/figure><\/div>\n\n\n\n<p><strong><span style=\"background-color:#9a1b22\" class=\"td_text_highlight_marker\">Siguieron los \u00e9xitos<\/span><\/strong><\/p>\n\n\n\n<p>Una vez de vuelta a la Argentina, la mam\u00e1 le pregunt\u00f3 si le gustaba la experiencia y respondi\u00f3 afirmativamente, as\u00ed que sigui\u00f3 buscando castings y as\u00ed llegaron unos comerciales para distintas marcas y sus d\u00edas comenzaron a estar en un estudio en medio de sesiones de fotos y grabaciones, tambi\u00e9n llegaron unos cortometrajes.<\/p>\n\n\n\n<p>\u00abHace poco grab\u00f3 tambi\u00e9n una serie para Star+, la nueva plataforma, ah\u00ed estuvo unos cinco meses. Ah\u00ed ser\u00e1 el hijo de la protagonista\u00bb, explic\u00f3 la madre. Tambi\u00e9n est\u00e1 como protagonista de un comercial de Mc Donals, el cual estar\u00e1 en toda Latinoam\u00e9rica, \u00abah\u00ed qued\u00f3 creo que por su sinceridad y jocosidad porque le preguntaron por su comida favorita y respondi\u00f3 que la parrilla (risas)\u00bb. <\/p>\n\n\n\n<div class=\"wp-block-image\"><figure class=\"alignright size-large is-resized\"><img decoding=\"async\" src=\"https:\/\/esreviral.com\/wp-content\/uploads\/2021\/08\/WhatsApp-Image-2021-08-14-at-16.53.03-512x1024.jpeg\" alt=\"\" class=\"wp-image-9423\" width=\"338\" height=\"676\"\/><figcaption>Lorena tambi\u00e9n ha sido imagen en comerciales y fotos de ropa para ni\u00f1as<\/figcaption><\/figure><\/div>\n\n\n\n<p><strong><span style=\"background-color:#9a1b22\" class=\"td_text_highlight_marker\">Vena art\u00edstica<\/span><\/strong><\/p>\n\n\n\n<p>Aunque sus padres dicen que no saben de d\u00f3nde sac\u00f3 esa vena art\u00edstica, es f\u00e1cil de reconocer, Joseliz es periodista y Marcel Michinaux fue fot\u00f3grafo en un peri\u00f3dico del estado Monagas, en el oriente venezolano pero adem\u00e1s por ambas familias hay cantantes y dem\u00e1s, as\u00ed que Marcelo no es el \u00fanico apasionado por el arte porque su hermana mayor Lorena, de 14 a\u00f1os de edad, es tambi\u00e9n actriz y modelo. <\/p>\n\n\n\n<p>\u00abAl principio cre\u00edmos que ser\u00eda s\u00f3lo ella pero ahora son los dos y eso nos llena de mucho orgullo\u00bb, explica Marcel, quien apoya a sus hijos en todo y aunque le gustar\u00eda que el peque\u00f1o fuese pelotero, realmente se inclina m\u00e1s por el f\u00fatbol. <\/p>\n\n\n\n<p>\u00abEs una sorpresa tener un hijo tan peque\u00f1o con esas cualidades art\u00edsticas que no sab\u00edamos. Me siento hinchado del orgullo\u00bb, afirma, mientras recoge a su hijo en las clases de teatro y luego comparten como dos ni\u00f1os jugando al caballo. <\/p>\n\n\n\n<p><strong><span style=\"background-color:#9a1b22\" class=\"td_text_highlight_marker\">La crisis los hizo huir<\/span><\/strong><\/p>\n\n\n\n<p>En principio fue Marcel quien viaj\u00f3 a Argentina, donde ya estaba el \u00fanico hermano de Joseliz, por eso se decidieron por este pa\u00eds. 10 Meses despu\u00e9s lleg\u00f3 ella, y fue as\u00ed como abandonaron a su Matur\u00edn, donde hab\u00edan formado familia, aunque la mujer de la casa es natural del estado Aragua. <\/p>\n\n\n\n<p>\u00abCuando llegamos los ni\u00f1os se sorprendieron al entrar al s\u00fapermercado y ver todo lo que hab\u00eda, preguntaban si pod\u00edan tomar leche. Es que Marcelo tuvo que dejar los pa\u00f1ales antes del tiempo porque ni se consegu\u00edan ni se pod\u00edan comprar por el alto costo\u00bb.<\/p>\n\n\n\n<p>As\u00ed que para darles una mejor calidad de vida a sus hijos, los Michinaux L\u00f3pez, emprendieron vuelo, dejando en Venezuela a sus m\u00e1s cercanos afectos pero lo que no imaginaron es que en el sur del continente encontrar\u00edan el \u00e9xito y triunfo para sus peque\u00f1os gigantes artistas. <\/p>\n\n\n\n<figure class=\"wp-block-embed-youtube wp-block-embed is-type-video is-provider-youtube wp-embed-aspect-16-9 wp-has-aspect-ratio\"><div class=\"wp-block-embed__wrapper\">\n<div class=\"jeg_video_container jeg_video_content\"><iframe title=\"Marcelo: El peque\u00f1o gran actor venezolano que estar\u00e1 en Netflix\" width=\"500\" height=\"281\" src=\"https:\/\/www.youtube.com\/embed\/38IrqHJ58Yk?feature=oembed\" frameborder=\"0\" allow=\"accelerometer; autoplay; clipboard-write; encrypted-media; gyroscope; picture-in-picture; web-share\" referrerpolicy=\"strict-origin-when-cross-origin\" allowfullscreen><\/iframe><\/div>\n<\/div><\/figure>\n","protected":false},"excerpt":{"rendered":"<p>No s\u00f3lo act\u00faa sino que modela, es imagen de varias marcas nacionales e internacionales y le gusta jugar f\u00fatbol<\/p>\n","protected":false},"author":2,"featured_media":9430,"comment_status":"open","ping_status":"open","sticky":false,"template":"","format":"standard","meta":{"jnews-multi-image_gallery":[],"jnews_single_post":[],"jnews_primary_category":[],"jnews_social_meta":[],"jnews_review":[],"enable_review":"","type":"","name":"","summary":"","brand":"","sku":"","good":[],"bad":[],"score_override":"","override_value":"","rating":[],"price":[],"jnews_override_counter":[],"jnews_post_split":[],"footnotes":""},"categories":[50,54],"tags":[1066,1067,115,67],"class_list":["post-9416","post","type-post","status-publish","format-standard","has-post-thumbnail","hentry","category-entretenimiento","category-inmigracion","tag-distancia-de-rescate","tag-marcelo-michinaux","tag-netflix","tag-venezolanos-en-argentina"],"amp_enabled":true,"_links":{"self":[{"href":"https:\/\/esreviral.com\/index.php?rest_route=\/wp\/v2\/posts\/9416"}],"collection":[{"href":"https:\/\/esreviral.com\/index.php?rest_route=\/wp\/v2\/posts"}],"about":[{"href":"https:\/\/esreviral.com\/index.php?rest_route=\/wp\/v2\/types\/post"}],"author":[{"embeddable":true,"href":"https:\/\/esreviral.com\/index.php?rest_route=\/wp\/v2\/users\/2"}],"replies":[{"embeddable":true,"href":"https:\/\/esreviral.com\/index.php?rest_route=%2Fwp%2Fv2%2Fcomments&post=9416"}],"version-history":[{"count":0,"href":"https:\/\/esreviral.com\/index.php?rest_route=\/wp\/v2\/posts\/9416\/revisions"}],"wp:featuredmedia":[{"embeddable":true,"href":"https:\/\/esreviral.com\/index.php?rest_route=\/"}],"wp:attachment":[{"href":"https:\/\/esreviral.com\/index.php?rest_route=%2Fwp%2Fv2%2Fmedia&parent=9416"}],"wp:term":[{"taxonomy":"category","embeddable":true,"href":"https:\/\/esreviral.com\/index.php?rest_route=%2Fwp%2Fv2%2Fcategories&post=9416"},{"taxonomy":"post_tag","embeddable":true,"href":"https:\/\/esreviral.com\/index.php?rest_route=%2Fwp%2Fv2%2Ftags&post=9416"}],"curies":[{"name":"wp","href":"https:\/\/api.w.org\/{rel}","templated":true}]}}