{"id":94141,"date":"2026-07-15T14:13:04","date_gmt":"2026-07-15T19:13:04","guid":{"rendered":"https:\/\/esreviral.com\/?p=94141"},"modified":"2026-07-15T14:13:05","modified_gmt":"2026-07-15T19:13:05","slug":"como-quedaran-los-nuevos-pisos-del-impuesto-a-las-ganancias-desde-agosto-de-2026","status":"publish","type":"post","link":"https:\/\/esreviral.com\/?p=94141","title":{"rendered":"C\u00f3mo quedar\u00e1n los nuevos pisos del Impuesto a las Ganancias desde agosto de 2026"},"content":{"rendered":"\n<p>El ajuste semestral del Impuesto a las Ganancias para los trabajadores en relaci\u00f3n de dependencia comenzar\u00e1 a regir a partir de agosto, luego de que el INDEC publicara el \u00cdndice de Precios al Consumidor (IPC) de junio, que fue del <strong>1,9%<\/strong>.<\/p>\n\n\n\n<p>La actualizaci\u00f3n modifica los pisos de remuneraci\u00f3n bruta y neta a partir de los cuales los empleados comienzan a tributar el impuesto, y tambi\u00e9n impacta en otros reg\u00edmenes como el Monotributo.<\/p>\n\n\n\n<p class=\"has-text-align-center\"><strong><a href=\"https:\/\/chat.whatsapp.com\/KWkTmakY3I05kNdd2oZl6d\"><em>\u00daNETE A NUESTRO GRUPO DE WHATSAPP PARA ESTAR INFORMADO<\/em><\/a><\/strong><\/p>\n\n\n\n<p>El especialista Sebasti\u00e1n M. Dom\u00ednguez, CEO de SDC Asesores Tributarios, explic\u00f3 que el mecanismo de actualizaci\u00f3n por IPC busca evitar que la inflaci\u00f3n distorsione los par\u00e1metros tributarios y que los contribuyentes pasen a categor\u00edas superiores o queden alcanzados por el impuesto \u00fanicamente por el aumento generalizado de los precios. Este ajuste se realiza cada seis meses y alcanza tanto al Impuesto a las Ganancias como al Monotributo.<\/p>\n\n\n\n<h3 class=\"wp-block-heading\"><strong><mark style=\"background-color:rgba(0, 0, 0, 0)\" class=\"has-inline-color has-vivid-red-color\">Los nuevos pisos de Ganancias<\/mark><\/strong><\/h3>\n\n\n\n<p>A partir de agosto de 2026, los pisos estimados de remuneraci\u00f3n para comenzar a tributar el Impuesto a las Ganancias ser\u00e1n los siguientes:<\/p>\n\n\n\n<ul class=\"wp-block-list\">\n<li><strong>Soltero:<\/strong> remuneraci\u00f3n bruta de <strong>$3.505.431<\/strong> y remuneraci\u00f3n neta de <strong>$2.909.507<\/strong>.<\/li>\n\n\n\n<li><strong>Soltero con un hijo:<\/strong> remuneraci\u00f3n bruta de <strong>$3.792.485<\/strong> y remuneraci\u00f3n neta de <strong>$3.147.762<\/strong>.<\/li>\n\n\n\n<li><strong>Soltero con dos hijos:<\/strong> remuneraci\u00f3n bruta de <strong>$4.079.540<\/strong> y remuneraci\u00f3n neta de <strong>$3.386.017<\/strong>.<\/li>\n\n\n\n<li><strong>Casado con dos hijos:<\/strong> remuneraci\u00f3n bruta de <strong>$4.648.749<\/strong> y remuneraci\u00f3n neta de <strong>$3.858.461<\/strong>.<\/li>\n<\/ul>\n\n\n\n<p><\/p>\n\n\n\n<p>Estos valores representan el umbral a partir del cual los trabajadores quedan alcanzados por el impuesto y var\u00edan seg\u00fan la composici\u00f3n del grupo familiar.<\/p>\n\n\n\n<h3 class=\"wp-block-heading\"><strong><mark style=\"background-color:rgba(0, 0, 0, 0)\" class=\"has-inline-color has-vivid-red-color\">C\u00f3mo impacta el ajuste por inflaci\u00f3n<\/mark><\/strong><\/h3>\n\n\n\n<p>Dom\u00ednguez se\u00f1al\u00f3 que la actualizaci\u00f3n por IPC busca impedir que la inflaci\u00f3n reduzca el valor real de los m\u00ednimos imponibles y provoque que m\u00e1s trabajadores deban pagar el tributo sin haber mejorado realmente su poder adquisitivo.<\/p>\n\n\n\n<p>Sin embargo, aclar\u00f3 que el efecto no ser\u00e1 igual para todos. Quienes recibieron aumentos salariales por encima de la inflaci\u00f3n podr\u00e1n mantener o mejorar su posici\u00f3n dentro del r\u00e9gimen. En cambio, aquellos cuyos ingresos crecieron por debajo del IPC podr\u00edan enfrentar mayores retenciones, ya que la actualizaci\u00f3n del impuesto se realiza en funci\u00f3n de la inflaci\u00f3n y no de la evoluci\u00f3n del salario real.<\/p>\n\n\n\n<h3 class=\"wp-block-heading\"><strong><mark style=\"background-color:rgba(0, 0, 0, 0)\" class=\"has-inline-color has-vivid-red-color\">Tambi\u00e9n cambia el Monotributo<\/mark><\/strong><\/h3>\n\n\n\n<p>El mismo mecanismo de actualizaci\u00f3n semestral tambi\u00e9n modifica las escalas del Monotributo y los par\u00e1metros para la recategorizaci\u00f3n.<\/p>\n\n\n\n<p class=\"has-text-align-center\"><em><strong><em><strong><em><strong><em><strong><a href=\"https:\/\/t.me\/esreviral\">\u00daNETE A NUESTRO CANAL DE TELEGRAM PARA ESTAR INFORMADO<\/a><\/strong><\/em><\/strong><\/em><\/strong><\/em><\/strong><\/em><\/p>\n\n\n\n<p>De esta manera, tanto el Impuesto a las Ganancias como el Monotributo ajustan peri\u00f3dicamente sus valores de acuerdo con la inflaci\u00f3n, con el objetivo de adaptar la carga tributaria al contexto econ\u00f3mico y reducir el impacto de la suba de precios sobre los contribuyentes.<\/p>\n\n\n\n<p class=\"has-text-align-right\"><strong><em>Con Informaci\u00f3n de Infobae.-<\/em><\/strong><\/p>\n","protected":false},"excerpt":{"rendered":"<p>El nuevo umbral para trabajadores en relaci\u00f3n de dependencia se ajusta tras la difusi\u00f3n del \u00cdndice de Precios al Consumidor de junio<\/p>\n","protected":false},"author":3,"featured_media":74017,"comment_status":"closed","ping_status":"closed","sticky":false,"template":"","format":"standard","meta":{"jnews-multi-image_gallery":[],"jnews_single_post":{"format":"standard"},"jnews_primary_category":[],"jnews_social_meta":[],"jnews_review":[],"enable_review":"","type":"","name":"","summary":"","brand":"","sku":"","good":[],"bad":[],"score_override":"","override_value":"","rating":[],"price":[],"jnews_override_counter":[],"jnews_post_split":[],"footnotes":""},"categories":[58,61],"tags":[44,5048,2054,2749,2350,45],"class_list":["post-94141","post","type-post","status-publish","format-standard","has-post-thumbnail","hentry","category-argentina","category-economia","tag-argentina","tag-impuesto-a-las-ganancias","tag-indec","tag-ipc","tag-monotributo","tag-noticias"],"_links":{"self":[{"href":"https:\/\/esreviral.com\/index.php?rest_route=\/wp\/v2\/posts\/94141","targetHints":{"allow":["GET"]}}],"collection":[{"href":"https:\/\/esreviral.com\/index.php?rest_route=\/wp\/v2\/posts"}],"about":[{"href":"https:\/\/esreviral.com\/index.php?rest_route=\/wp\/v2\/types\/post"}],"author":[{"embeddable":true,"href":"https:\/\/esreviral.com\/index.php?rest_route=\/wp\/v2\/users\/3"}],"replies":[{"embeddable":true,"href":"https:\/\/esreviral.com\/index.php?rest_route=%2Fwp%2Fv2%2Fcomments&post=94141"}],"version-history":[{"count":1,"href":"https:\/\/esreviral.com\/index.php?rest_route=\/wp\/v2\/posts\/94141\/revisions"}],"predecessor-version":[{"id":94142,"href":"https:\/\/esreviral.com\/index.php?rest_route=\/wp\/v2\/posts\/94141\/revisions\/94142"}],"wp:featuredmedia":[{"embeddable":true,"href":"https:\/\/esreviral.com\/index.php?rest_route=\/wp\/v2\/media\/74017"}],"wp:attachment":[{"href":"https:\/\/esreviral.com\/index.php?rest_route=%2Fwp%2Fv2%2Fmedia&parent=94141"}],"wp:term":[{"taxonomy":"category","embeddable":true,"href":"https:\/\/esreviral.com\/index.php?rest_route=%2Fwp%2Fv2%2Fcategories&post=94141"},{"taxonomy":"post_tag","embeddable":true,"href":"https:\/\/esreviral.com\/index.php?rest_route=%2Fwp%2Fv2%2Ftags&post=94141"}],"curies":[{"name":"wp","href":"https:\/\/api.w.org\/{rel}","templated":true}]}}