{"id":94125,"date":"2026-07-15T10:00:41","date_gmt":"2026-07-15T15:00:41","guid":{"rendered":"https:\/\/esreviral.com\/?p=94125"},"modified":"2026-07-15T10:03:03","modified_gmt":"2026-07-15T15:03:03","slug":"cuanto-aumentara-el-boleto-de-colectivos-de-caba-y-pba-desde-agosto","status":"publish","type":"post","link":"https:\/\/esreviral.com\/?p=94125","title":{"rendered":"Cu\u00e1nto aumentar\u00e1 el boleto de colectivos de CABA y PBA desde agosto"},"content":{"rendered":"\n<p>Los boletos de colectivo en el \u00c1rea Metropolitana de Buenos Aires (AMBA) aumentar\u00e1n un <strong>3,9% a partir del 1 de agosto<\/strong>, tras la publicaci\u00f3n del dato de inflaci\u00f3n de junio. Con este ajuste, el boleto m\u00ednimo en las l\u00edneas que circulan exclusivamente por la Ciudad de Buenos Aires pasar\u00e1 a <strong>$853,01<\/strong>, mientras que en las l\u00edneas de jurisdicci\u00f3n bonaerense superar\u00e1 los <strong>$1.100<\/strong>.<\/p>\n\n\n\n<p class=\"has-text-align-center\"><strong><a href=\"https:\/\/chat.whatsapp.com\/KWkTmakY3I05kNdd2oZl6d\"><em>\u00daNETE A NUESTRO GRUPO DE WHATSAPP PARA ESTAR INFORMADO<\/em><\/a><\/strong><\/p>\n\n\n\n<p class=\"has-text-align-center\"><strong><em><mark style=\"background-color:rgba(0, 0, 0, 0)\" class=\"has-inline-color has-vivid-red-color\"><a href=\"https:\/\/esreviral.com\/?p=94107\" data-type=\"link\" data-id=\"https:\/\/esreviral.com\/?p=94107\">Lea Tambi\u00e9n: Subi\u00f3 el pasaje de los colectivos nacionales: cu\u00e1nto cuesta viajar desde este mi\u00e9rcoles<\/a><\/mark><\/em><\/strong><\/p>\n\n\n\n<p>Las tarifas del transporte p\u00fablico en el AMBA se actualizan mensualmente en funci\u00f3n del \u00faltimo \u00cdndice de Precios al Consumidor (IPC) disponible \u2014en este caso, el de junio, que fue del 1,9% a nivel nacional y en el Gran Buenos Aires\u2014, al que se le suman dos puntos porcentuales. Se trata del incremento m\u00e1s bajo registrado en lo que va de 2026.<\/p>\n\n\n\n<p>Hasta el momento, las tarifas de los colectivos acumulan un aumento del <strong>61,59%<\/strong> en la provincia de Buenos Aires y del <strong>38,32%<\/strong> en la Ciudad de Buenos Aires durante el a\u00f1o, por encima de la inflaci\u00f3n acumulada del <strong>16,8%<\/strong>. En julio, los incrementos fueron del <strong>4,3%<\/strong> en territorio bonaerense y del <strong>4,1%<\/strong> en la Capital.<\/p>\n\n\n\n<p>No obstante, el ajuste a\u00fan deber\u00e1 ser oficializado por los gobiernos de Jorge Macri y Axel Kicillof mediante su publicaci\u00f3n en los respectivos boletines oficiales.<\/p>\n\n\n\n<h3 class=\"wp-block-heading\"><strong><mark style=\"background-color:rgba(0, 0, 0, 0)\" class=\"has-inline-color has-vivid-red-color\">Nuevas tarifas de colectivos en la provincia de Buenos Aires<\/mark><\/strong><\/h3>\n\n\n\n<p>Desde el <strong>1 de agosto<\/strong>, las l\u00edneas provinciales y municipales identificadas con numeraci\u00f3n <strong>200 en adelante<\/strong> aplicar\u00e1n un aumento del 3,9%. Los valores para usuarios con SUBE registrada ser\u00e1n los siguientes:<\/p>\n\n\n\n<ul class=\"wp-block-list\">\n<li>Boleto m\u00ednimo (0 a 3 km): <strong>$1.105,48<\/strong> (actualmente $1.063,98).<\/li>\n\n\n\n<li>De 3 a 6 km: <strong>$1.243,65<\/strong>.<\/li>\n\n\n\n<li>De 6 a 12 km: <strong>$1.381,84<\/strong>.<\/li>\n\n\n\n<li>De 12 a 27 km: <strong>$1.658,21<\/strong>.<\/li>\n\n\n\n<li>M\u00e1s de 27 km: <strong>$1.949,51<\/strong>.<\/li>\n<\/ul>\n\n\n\n<h3 class=\"wp-block-heading\"><strong><mark style=\"background-color:rgba(0, 0, 0, 0)\" class=\"has-inline-color has-vivid-red-color\">Cu\u00e1nto costar\u00e1 viajar en colectivo en CABA<\/mark><\/strong><\/h3>\n\n\n\n<p>En la Ciudad de Buenos Aires, las 28 l\u00edneas de colectivos bajo jurisdicci\u00f3n porte\u00f1a tambi\u00e9n aumentar\u00e1n un <strong>3,9%<\/strong>.<\/p>\n\n\n\n<p>Las nuevas tarifas con SUBE registrada ser\u00e1n:<\/p>\n\n\n\n<ul class=\"wp-block-list\">\n<li>Hasta 3 km: <strong>$853,01<\/strong> (actualmente $820,99).<\/li>\n\n\n\n<li>De 3 a 6 km: <strong>$948,14<\/strong>.<\/li>\n\n\n\n<li>De 6 a 12 km: <strong>$1.020,84<\/strong>.<\/li>\n\n\n\n<li>De 12 a 27 km: <strong>$1.093,91<\/strong>.<\/li>\n<\/ul>\n\n\n\n<p>Las l\u00edneas alcanzadas por este ajuste son: <strong>4, 7, 12, 25, 26, 34, 39, 42, 44, 47, 50, 61, 62, 64, 65, 68, 76, 84, 99, 102, 106, 107, 108, 109, 115, 118, 132 y 151<\/strong>.<\/p>\n\n\n\n<h3 class=\"wp-block-heading\"><strong><mark style=\"background-color:rgba(0, 0, 0, 0)\" class=\"has-inline-color has-vivid-red-color\">Tambi\u00e9n aumentan el subte y los peajes<\/mark><\/strong><\/h3>\n\n\n\n<p>El ajuste del <strong>3,9%<\/strong> tambi\u00e9n alcanzar\u00e1 al subte de la Ciudad de Buenos Aires. Desde el 1 de agosto, el pasaje pasar\u00e1 de <strong>$1.622<\/strong> a <strong>$1.685,26<\/strong>.<\/p>\n\n\n\n<p>En tanto, los peajes de las autopistas porte\u00f1as tambi\u00e9n subir\u00e1n un <strong>3,9%<\/strong>, ya que el mecanismo de actualizaci\u00f3n es el mismo que el del transporte p\u00fablico: inflaci\u00f3n m\u00e1s dos puntos porcentuales.<\/p>\n\n\n\n<p>Los nuevos valores ser\u00e1n:<\/p>\n\n\n\n<p><strong>Autopistas 25 de Mayo y Perito Moreno<\/strong><\/p>\n\n\n\n<ul class=\"wp-block-list\">\n<li>Motocicletas: <strong>$1.958,75<\/strong> (hora pico: <strong>$3.134,40<\/strong>).<\/li>\n\n\n\n<li>Veh\u00edculos de hasta dos ejes y 2,10 metros de altura: <strong>$4.701,49<\/strong> (hora pico: <strong>$6.662,77<\/strong>).<\/li>\n\n\n\n<li>Veh\u00edculos pesados de hasta dos ejes: <strong>$7.443,78<\/strong> (hora pico: <strong>$10.969,76<\/strong>).<\/li>\n<\/ul>\n\n\n\n<p><strong>Autopista Illia, Retiro II-Sarmiento y Salguero<\/strong><\/p>\n\n\n\n<ul class=\"wp-block-list\">\n<li>Motocicletas: <strong>$1.175,45<\/strong> (hora pico: <strong>$1.410,21<\/strong>).<\/li>\n\n\n\n<li>Veh\u00edculos de hasta dos ejes y 2,10 metros de altura: <strong>$1.958,75<\/strong> (hora pico: <strong>$2.769,96<\/strong>).<\/li>\n\n\n\n<li>Veh\u00edculos pesados de hasta dos ejes: <strong>$3.525,94<\/strong> (hora pico: <strong>$5.093,16<\/strong>).<\/li>\n<\/ul>\n\n\n\n<p><\/p>\n\n\n\n<p class=\"has-text-align-center\"><em><strong><em><strong><em><strong><em><strong><a href=\"https:\/\/t.me\/esreviral\">\u00daNETE A NUESTRO CANAL DE TELEGRAM PARA ESTAR INFORMADO<\/a><\/strong><\/em><\/strong><\/em><\/strong><\/em><\/strong><\/em><\/p>\n\n\n\n<p><strong>Peaje Alberti<\/strong><\/p>\n\n\n\n<ul class=\"wp-block-list\">\n<li>Motocicletas: <strong>$1.175,45<\/strong> (hora pico: <strong>$1.567,21<\/strong>).<\/li>\n\n\n\n<li>Veh\u00edculos de hasta dos ejes y 2,10 metros de altura: <strong>$1.488,91<\/strong> (hora pico: <strong>$1.880,43<\/strong>).<\/li>\n<\/ul>\n\n\n\n<p><\/p>\n\n\n\n<p class=\"has-text-align-right\"><strong><em>Con Informaci\u00f3n de TN.-<\/em><\/strong><\/p>\n","protected":false},"excerpt":{"rendered":"<p>Con el dato de inflaci\u00f3n de junio que difundi\u00f3 el Indec, los cuadros tarifarios tendr\u00e1n un ajuste de 3,9% a partir del pr\u00f3ximo mes. Tambi\u00e9n subir\u00e1 el subte y los peajes porte\u00f1os.<\/p>\n","protected":false},"author":3,"featured_media":67332,"comment_status":"closed","ping_status":"closed","sticky":false,"template":"","format":"standard","meta":{"jnews-multi-image_gallery":[],"jnews_single_post":{"format":"standard"},"jnews_primary_category":[],"jnews_social_meta":[],"jnews_review":[],"enable_review":"","type":"","name":"","summary":"","brand":"","sku":"","good":[],"bad":[],"score_override":"","override_value":"","rating":[],"price":[],"jnews_override_counter":[],"jnews_post_split":[],"footnotes":""},"categories":[58,61],"tags":[43813,468,2143,268,45,1427,363,290,316],"class_list":["post-94125","post","type-post","status-publish","format-standard","has-post-thumbnail","hentry","category-argentina","category-economia","tag-boleto-de-colectivos","tag-caba","tag-colectivos","tag-inflacion","tag-noticias","tag-peajes","tag-provincia-de-buenos-aires","tag-subte","tag-tarifas"],"_links":{"self":[{"href":"https:\/\/esreviral.com\/index.php?rest_route=\/wp\/v2\/posts\/94125","targetHints":{"allow":["GET"]}}],"collection":[{"href":"https:\/\/esreviral.com\/index.php?rest_route=\/wp\/v2\/posts"}],"about":[{"href":"https:\/\/esreviral.com\/index.php?rest_route=\/wp\/v2\/types\/post"}],"author":[{"embeddable":true,"href":"https:\/\/esreviral.com\/index.php?rest_route=\/wp\/v2\/users\/3"}],"replies":[{"embeddable":true,"href":"https:\/\/esreviral.com\/index.php?rest_route=%2Fwp%2Fv2%2Fcomments&post=94125"}],"version-history":[{"count":2,"href":"https:\/\/esreviral.com\/index.php?rest_route=\/wp\/v2\/posts\/94125\/revisions"}],"predecessor-version":[{"id":94127,"href":"https:\/\/esreviral.com\/index.php?rest_route=\/wp\/v2\/posts\/94125\/revisions\/94127"}],"wp:featuredmedia":[{"embeddable":true,"href":"https:\/\/esreviral.com\/index.php?rest_route=\/wp\/v2\/media\/67332"}],"wp:attachment":[{"href":"https:\/\/esreviral.com\/index.php?rest_route=%2Fwp%2Fv2%2Fmedia&parent=94125"}],"wp:term":[{"taxonomy":"category","embeddable":true,"href":"https:\/\/esreviral.com\/index.php?rest_route=%2Fwp%2Fv2%2Fcategories&post=94125"},{"taxonomy":"post_tag","embeddable":true,"href":"https:\/\/esreviral.com\/index.php?rest_route=%2Fwp%2Fv2%2Ftags&post=94125"}],"curies":[{"name":"wp","href":"https:\/\/api.w.org\/{rel}","templated":true}]}}