{"id":92618,"date":"2026-06-02T07:15:44","date_gmt":"2026-06-02T12:15:44","guid":{"rendered":"https:\/\/esreviral.com\/?p=92618"},"modified":"2026-06-02T07:15:45","modified_gmt":"2026-06-02T12:15:45","slug":"feriados-de-junio-cuando-sera-el-proximo-fin-de-semana-largo-en-argentina","status":"publish","type":"post","link":"https:\/\/esreviral.com\/?p=92618","title":{"rendered":"Feriados de junio: cu\u00e1ndo ser\u00e1 el pr\u00f3ximo fin de semana largo en Argentina"},"content":{"rendered":"\n<p>Con la llegada de junio, millones de argentinos y venezolanos comienzan a revisar el calendario en busca de un descanso antes de las <strong>vacaciones de invierno<\/strong>. El sexto mes del a\u00f1o traer\u00e1 dos feriados nacionales vinculados a figuras fundamentales de la historia del pa\u00eds, y uno de ellos dar\u00e1 lugar a un <strong>nuevo fin de semana largo.<\/strong><\/p>\n\n\n\n<p>Adem\u00e1s, junio incluir\u00e1 una de las celebraciones familiares m\u00e1s importantes del a\u00f1o: el <strong>D\u00eda del Padre<\/strong>, una fecha especial para compartir en familia y rendir homenaje a quienes ejercen la paternidad.<\/p>\n\n\n\n<p><strong><mark style=\"background-color:rgba(0, 0, 0, 0)\" class=\"has-inline-color has-vivid-red-color\">Cu\u00e1ndo es el pr\u00f3ximo feriado y el fin de semana largo de junio<\/mark><\/strong><\/p>\n\n\n\n<p>Seg\u00fan el calendario oficial, el pr\u00f3ximo <strong>feriado nacional ser\u00e1 el lunes 15 de junio, en conmemoraci\u00f3n del Paso a la Inmortalidad del General Don Mart\u00edn Miguel de G\u00fcemes.<\/strong><\/p>\n\n\n\n<p class=\"has-text-align-center\"><strong><a href=\"https:\/\/chat.whatsapp.com\/KWkTmakY3I05kNdd2oZl6d\"><em>\u00daNETE A NUESTRO GRUPO DE WHATSAPP PARA ESTAR INFORMADO<\/em><\/a><\/strong><\/p>\n\n\n\n<figure class=\"wp-block-image size-large\"><img decoding=\"async\" src=\"https:\/\/tn.com.ar\/resizer\/v2\/el-calendario-de-feriados-de-este-mes-foto-argentinagobar-ETTR4HSMNZFHNL5BRS4BHBDMOY.PNG?auth=854e4e237e869ccadd6daba75c78509b35c0625b3521fef7ea540d17633dea24&amp;width=1440\" alt=\"\"\/><\/figure>\n\n\n\n<p><\/p>\n\n\n\n<p>Si bien la fecha conmemorativa corresponde al 17 de junio, fue trasladada al lunes para conformar un fin de semana largo de tres d\u00edas, que se extender\u00e1 desde el s\u00e1bado 13 hasta el lunes 15 de junio.<\/p>\n\n\n\n<p>La fecha representa una oportunidad para realizar viajes cortos, descansar o disfrutar de actividades junto a familiares y amigos.<\/p>\n\n\n\n<p>Mart\u00edn Miguel de G\u00fcemes fue una figura clave en la Guerra de la Independencia. El militar y pol\u00edtico salte\u00f1o lider\u00f3 la denominada Guerra Gaucha, una estrategia basada en t\u00e1cticas de guerrilla que permiti\u00f3 contener el avance de las fuerzas espa\u00f1olas en el norte del pa\u00eds. Tambi\u00e9n fue el primer gobernador de Salta y desempe\u00f1\u00f3 un papel fundamental en la defensa del territorio durante el proceso independentista.<\/p>\n\n\n\n<p><strong><mark style=\"background-color:rgba(0, 0, 0, 0)\" class=\"has-inline-color has-vivid-red-color\">El otro feriado de junio: el D\u00eda de la Bandera<\/mark><\/strong><\/p>\n\n\n\n<p>Pocos d\u00edas despu\u00e9s llegar\u00e1 otra fecha patria importante.<strong> El s\u00e1bado 20 de junio se conmemorar\u00e1 el Paso a la Inmortalidad del General Manuel Belgrano, creador de la Bandera Nacional.<\/strong><\/p>\n\n\n\n<p><strong>Se trata de un feriado inamovible, <\/strong>por lo que no ser\u00e1 trasladado para generar un nuevo fin de semana largo.<\/p>\n\n\n\n<p>Belgrano fue una de las figuras m\u00e1s destacadas de la Revoluci\u00f3n de Mayo y de la Guerra de la Independencia. Adem\u00e1s de su trayectoria militar, se destac\u00f3 como abogado y economista. Sin embargo, su legado m\u00e1s recordado sigue siendo la creaci\u00f3n de la bandera argentina, uno de los principales s\u00edmbolos nacionales.<\/p>\n\n\n\n<p><strong><mark style=\"background-color:rgba(0, 0, 0, 0)\" class=\"has-inline-color has-vivid-red-color\">Cu\u00e1ndo se celebra el D\u00eda del Padre en Argentina<\/mark><\/strong><\/p>\n\n\n\n<p>Este a\u00f1o, el D\u00eda del Padre se celebrar\u00e1 el domingo 21 de junio, siguiendo la tradici\u00f3n que fija la fecha en el tercer domingo del mes.<\/p>\n\n\n\n<p>Como ocurre cada a\u00f1o, se espera que la jornada est\u00e9 marcada por reuniones familiares, almuerzos, cenas y distintos homenajes a los padres en todo el pa\u00eds.<\/p>\n\n\n\n<p><strong><mark style=\"background-color:rgba(0, 0, 0, 0)\" class=\"has-inline-color has-vivid-red-color\">Por qu\u00e9 se celebra el D\u00eda del Padre<\/mark><\/strong><\/p>\n\n\n\n<p>El origen moderno de esta celebraci\u00f3n se remonta a 1909, en la ciudad estadounidense de Spokane.<\/p>\n\n\n\n<p>La iniciativa fue impulsada por Sonora Smart Dodd, quien quiso rendir homenaje a su padre, William Smart, un veterano de la Guerra Civil de Estados Unidos que cri\u00f3 solo a sus seis hijos tras la muerte de su esposa.<\/p>\n\n\n\n<p>Con el paso del tiempo, la propuesta gan\u00f3 popularidad hasta convertirse en una celebraci\u00f3n nacional en Estados Unidos y luego fue adoptada por numerosos pa\u00edses, entre ellos Argentina.<\/p>\n\n\n\n<p>No obstante, originalmente el D\u00eda del Padre en Argentina se celebraba el 24 de agosto, en homenaje al nacimiento de Mercedes, la \u00fanica hija del General Jos\u00e9 de San Mart\u00edn. La fecha comenz\u00f3 a conmemorarse en 1958, pero durante la d\u00e9cada de 1960 el pa\u00eds adopt\u00f3 el calendario estadounidense y traslad\u00f3 la celebraci\u00f3n al tercer domingo de junio.<\/p>\n\n\n\n<p class=\"has-text-align-center\"><em><strong><em><strong><em><strong><em><strong><a href=\"https:\/\/t.me\/esreviral\">\u00daNETE A NUESTRO CANAL DE TELEGRAM PARA ESTAR INFORMADO<\/a><\/strong><\/em><\/strong><\/em><\/strong><\/em><\/strong><\/em><\/p>\n\n\n\n<p><strong><mark style=\"background-color:rgba(0, 0, 0, 0)\" class=\"has-inline-color has-vivid-red-color\">Feriados que restan en 2026<\/mark><\/strong><\/p>\n\n\n\n<ul class=\"wp-block-list\">\n<li>Lunes 15 de junio: Paso a la Inmortalidad del General Don Mart\u00edn Miguel de G\u00fcemes (trasladado).<\/li>\n\n\n\n<li>S\u00e1bado 20 de junio: Paso a la Inmortalidad del General Manuel Belgrano.<\/li>\n\n\n\n<li>Jueves 9 de julio: D\u00eda de la Independencia.<\/li>\n\n\n\n<li>Viernes 10 de julio: d\u00eda no laborable.<\/li>\n\n\n\n<li>Lunes 17 de agosto: Paso a la Inmortalidad del General Don Jos\u00e9 de San Mart\u00edn.<\/li>\n\n\n\n<li>Lunes 12 de octubre: D\u00eda del Respeto a la Diversidad Cultural.<\/li>\n\n\n\n<li>Viernes 20 de noviembre: D\u00eda de la Soberan\u00eda Nacional.<\/li>\n\n\n\n<li>Lunes 7 de diciembre: d\u00eda no laborable.<\/li>\n\n\n\n<li>Martes 8 de diciembre: D\u00eda de la Inmaculada Concepci\u00f3n de Mar\u00eda.<\/li>\n\n\n\n<li>Viernes 25 de diciembre: Navidad.<\/li>\n<\/ul>\n\n\n\n<p><\/p>\n\n\n\n<p class=\"has-text-align-right\"><strong><em>Con Informaci\u00f3n de TN.-<\/em><\/strong><\/p>\n","protected":false},"excerpt":{"rendered":"<p>Este mes tiene dos d\u00edas de descanso y una fecha especial para los pap\u00e1s.<\/p>\n","protected":false},"author":3,"featured_media":65209,"comment_status":"closed","ping_status":"closed","sticky":false,"template":"","format":"standard","meta":{"jnews-multi-image_gallery":[],"jnews_single_post":{"format":"standard"},"jnews_primary_category":[],"jnews_social_meta":[],"jnews_review":[],"enable_review":"","type":"","name":"","summary":"","brand":"","sku":"","good":[],"bad":[],"score_override":"","override_value":"","rating":[],"price":[],"jnews_override_counter":[],"jnews_post_split":[],"footnotes":""},"categories":[43,58],"tags":[44,42981,5252,6999,45,2906],"class_list":["post-92618","post","type-post","status-publish","format-standard","has-post-thumbnail","hentry","category-actualidad","category-argentina","tag-argentina","tag-dia-del-padre-2","tag-feriados","tag-feriados-nacionales","tag-noticias","tag-vacaciones-de-invierno"],"_links":{"self":[{"href":"https:\/\/esreviral.com\/index.php?rest_route=\/wp\/v2\/posts\/92618","targetHints":{"allow":["GET"]}}],"collection":[{"href":"https:\/\/esreviral.com\/index.php?rest_route=\/wp\/v2\/posts"}],"about":[{"href":"https:\/\/esreviral.com\/index.php?rest_route=\/wp\/v2\/types\/post"}],"author":[{"embeddable":true,"href":"https:\/\/esreviral.com\/index.php?rest_route=\/wp\/v2\/users\/3"}],"replies":[{"embeddable":true,"href":"https:\/\/esreviral.com\/index.php?rest_route=%2Fwp%2Fv2%2Fcomments&post=92618"}],"version-history":[{"count":1,"href":"https:\/\/esreviral.com\/index.php?rest_route=\/wp\/v2\/posts\/92618\/revisions"}],"predecessor-version":[{"id":92619,"href":"https:\/\/esreviral.com\/index.php?rest_route=\/wp\/v2\/posts\/92618\/revisions\/92619"}],"wp:featuredmedia":[{"embeddable":true,"href":"https:\/\/esreviral.com\/index.php?rest_route=\/wp\/v2\/media\/65209"}],"wp:attachment":[{"href":"https:\/\/esreviral.com\/index.php?rest_route=%2Fwp%2Fv2%2Fmedia&parent=92618"}],"wp:term":[{"taxonomy":"category","embeddable":true,"href":"https:\/\/esreviral.com\/index.php?rest_route=%2Fwp%2Fv2%2Fcategories&post=92618"},{"taxonomy":"post_tag","embeddable":true,"href":"https:\/\/esreviral.com\/index.php?rest_route=%2Fwp%2Fv2%2Ftags&post=92618"}],"curies":[{"name":"wp","href":"https:\/\/api.w.org\/{rel}","templated":true}]}}