{"id":926,"date":"2020-10-24T22:40:34","date_gmt":"2020-10-24T22:40:34","guid":{"rendered":"http:\/\/esreviral.com\/?p=926"},"modified":"2020-10-24T22:40:34","modified_gmt":"2020-10-24T22:40:34","slug":"presidenta-de-la-comunidad-de-madrid-a-lopez-bienvenido-a-casa","status":"publish","type":"post","link":"https:\/\/esreviral.com\/?p=926","title":{"rendered":"Presidenta de la Comunidad de Madrid a L\u00f3pez: Bienvenido a casa"},"content":{"rendered":"\n<p>El l\u00edder opositor venezolano\u00a0<strong>Leopoldo L\u00f3pez\u00a0<\/strong>abandon\u00f3 la residencia del embajador espa\u00f1ol en Caracas, en donde se manten\u00eda como hu\u00e9sped desde el 30 de abril de 2019, cuando encabez\u00f3 junto a Juan Guaid\u00f3 un levantamiento c\u00edvico-militar que pretend\u00eda derrocar a Nicol\u00e1s Maduro. As\u00ed lo confirmaron fuentes del partido pol\u00edtico de L\u00f3pez, Voluntad Popular, que adem\u00e1s aseguraron que el dirigente\u00a0<strong>habr\u00eda salido de Venezuela por v\u00eda mar\u00edtima<\/strong>. Esta tarde se encontraba en Aruba y su destino final ser\u00eda Madrid, donde se reencontrar\u00e1 con su esposa Lilian Tintori y sus tres hijos.<\/p>\n\n\n\n<p>Ese mismo ruta -ya ensayado un a\u00f1o antes- lo realiz\u00f3 Tintori el 4 de junio del 2019,\u00a0<strong>cuando burl\u00f3 la vigilancia\u00a0<\/strong>que las fuerzas gubernamentales mantienen en torno a la legaci\u00f3n espa\u00f1ola y lleg\u00f3 a Madrid desde la isla holandesa ubicada en el Caribe. En un principio, la noticia fue dada entre especulaciones y despistes, donde se se\u00f1alaba que L\u00f3pez habr\u00eda cruzado la frontera colombo-venezolana e iba camino de Bogot\u00e1.<\/p>\n\n\n\n<p>Seg\u00fan fuentes cercanas al gobierno interino de Juan Guaid\u00f3, el objetivo real de la salida de L\u00f3pez del pa\u00eds es<strong>&nbsp;emprender una gira internacional<\/strong>&nbsp;por varios pa\u00edses para alzar la voz contra las elecciones parlamentarias, convocadas por el r\u00e9gimen de Maduro para el pr\u00f3ximo 6 de diciembre, a las que la oposici\u00f3n venezolana ha calificado reiteradamente como \u00abfraudulentas\u00bb y han sido rechazadas por la UE, el Grupo de Lima y EE.UU. por no cumplir \u00ablas m\u00ednimas garant\u00edas democr\u00e1ticas\u00bb.<\/p>\n\n\n\n<p>El Gobierno de Pedro S\u00e1nchez ya estar\u00eda trabajando en evitar aglomeraciones en la principal terminal a\u00e9rea y minimizar la atenci\u00f3n que despierta la llegada del preso pol\u00edtico m\u00e1s importante de Venezuela hoy a Barajas. ABC pudo saber por fuentes cercanas al opositor que varios miembros del Partido Socialista se habr\u00edan acercado a la familia, que reside actualmente en Madrid,\u00a0<strong>para coordinar el desplazamiento de L\u00f3pez<\/strong>. \u00abLlegar\u00eda a la Terminal, pero lo estar\u00e1 esperando un coche del Gobierno para sacarlo directamente sin tener que pasar por el aeropuerto\u00bb, aseguraron las mismas fuentes.<\/p>\n\n\n\n<figure class=\"wp-block-embed-twitter wp-block-embed is-type-rich is-provider-twitter\"><div class=\"wp-block-embed__wrapper\">\n<blockquote class=\"twitter-tweet\" data-width=\"500\" data-dnt=\"true\"><p lang=\"es\" dir=\"ltr\">Bienvenido a casa.<a href=\"https:\/\/t.co\/peJh1E9Fli\">https:\/\/t.co\/peJh1E9Fli<\/a><\/p>&mdash; Isabel D\u00edaz Ayuso (@IdiazAyuso) <a href=\"https:\/\/twitter.com\/IdiazAyuso\/status\/1320126645823545347?ref_src=twsrc%5Etfw\">October 24, 2020<\/a><\/blockquote><script async src=\"https:\/\/platform.twitter.com\/widgets.js\" charset=\"utf-8\"><\/script>\n<\/div><\/figure>\n\n\n\n<p><strong><span style=\"background-color:#9a1b22\" class=\"td_text_highlight_marker\">Salida \u00abvoluntaria\u00bb<\/span><\/strong><\/p>\n\n\n\n<p>Esta situaci\u00f3n se presenta semanas despu\u00e9s de que el Gobierno de Pedro S\u00e1nchez anunciara el relevo de\u00a0<strong>Jes\u00fas Silva Fern\u00e1ndez\u00a0<\/strong>de la Embajada espa\u00f1ola en Caracas\u00a0-nombrado por el Gobierno de Mariano Rajoy en 2017-, pautado para el pr\u00f3ximo 8 de noviembre por Juan Fern\u00e1ndez Trigo, que era embajador en Cuba desde octubre del 2018. En aquel momento, el Ministerio de Asuntos Exteriores encabezado por\u00a0<strong>Arancha Gonz\u00e1lez Laya<\/strong>, asegur\u00f3 que el relevo de Silva no supondr\u00eda inconvenientes para L\u00f3pez, sin embargo, las presiones del r\u00e9gimen chavista a Espa\u00f1a por la permanencia del opositor en la sede diplom\u00e1tica han producido algunos malestares en L\u00f3pez y el grueso de la oposici\u00f3n.<\/p>\n\n\n\n<p>Fuentes diplom\u00e1ticas espa\u00f1olas confirmaron que la salida de L\u00f3pez de su legaci\u00f3n en Caracas, pero aseguraron que\u00a0<strong>\u00absu salida es fruto de una decisi\u00f3n voluntaria y personal\u00bb<\/strong>\u00a0e insistieron que no tiene nada que ver con el relevo del Embajador. Gracias a un indulto por decreto del Gobierno interino de Juan Guaid\u00f3, Espa\u00f1a aloj\u00f3 a L\u00f3pez, con algunas restricciones como la comparecencia ante los medios de comunicaci\u00f3n y la actividad pol\u00edtica. Sin embargo, el pol\u00edtico cumpli\u00f3 funciones como comisionado presidencial, un cargo equivalente a la de primer ministro. Durante m\u00e1s de un a\u00f1o, los alrededores de la residencia de Silva se encontraron custodiados por funcionarios del Servicio Bolivariano de Inteligencia Nacional (Sebin), tras la orden de captura que emiti\u00f3 el Gobierno chavista en mayo del a\u00f1o pasado a\u00f1o.<\/p>\n\n\n\n<h3 class=\"wp-block-heading\">Reacciones<\/h3>\n\n\n\n<p>El partido Voluntad Popular, que fund\u00f3 Leopoldo L\u00f3pez en 2009, emiti\u00f3 un comunicado confirmando la salida de su l\u00edder hacia \u00abterritorio internacional para impulsar nuevas acciones en la lucha por la libertad de Venezuela\u00bb. La misiva, publicada la tarde de este s\u00e1bado, explica que la decisi\u00f3n tomada por el perseguido pol\u00edtico fue \u00abconsiderando lo mejor\u00bb para el pa\u00eds sudamericano. Resalta el texto, que L\u00f3pez sigue estando privado de su libertad, \u00abal igual que todos los venezolanos, mientras exista una dictadura que viola los derechos humanos\u00bb. Por su parte, Guaid\u00f3 ha dicho en un mensaje por Twitter que ha logrado&nbsp;<strong>burlar la seguridad del r\u00e9gimen chavista<\/strong>&nbsp;para sacar a L\u00f3pez del pa\u00eds. \u00abMaduro, no controlas nada. Burlando tu aparato represivo, logramos sacar a territorio internacional a nuestro Comisionado para el Centro de Gobierno, Leopoldo L\u00f3pez. Su aporte por Venezuela contin\u00faa desde este nuevo espacio de acci\u00f3n\u00bb.<\/p>\n\n\n\n<p>En cuanto se conoci\u00f3 la noticia, varias personalidades del mundo pol\u00edtico se pronunciaron a favor de la libertad del dirigente venezolano. El expol\u00edtico y abogado,&nbsp;<strong>Albert Rivera<\/strong>, public\u00f3 en su cuenta de Twitter: \u00abDebe ser muy duro abandonar tu querida Venezuela, pero bienvenido a la libertad. M\u00e1s pronto que tarde la libertad volver\u00e1 a Venezuela, y con ella millones de venezolanos que tuvieron que marcharse de su tierra huyendo de la tiran\u00eda. Fuerza y fe, hermano\u00bb. La exeurodiputada,&nbsp;<strong>Beatriz Becerra<\/strong>, dijo: \u00abDeseo que Leopoldo se re\u00fana pronto con su familia en Madrid. A salvo y en libertad. Tras relevar el gobierno de Espa\u00f1a a su escudo diplom\u00e1tico en la embajada de Caracas, s\u00f3lo le quedaba huir. No hay neutralidad que no sea complicidad con el opresor\u00bb.<\/p>\n\n\n\n<p>Por su parte, la opositora venezolana,&nbsp;<strong>Mar\u00eda Corina Machado<\/strong>, se ha pronunciado por su cuenta de Twitter: \u00abMe alegra much\u00edsimo que Leopoldo L\u00f3pez pueda reencontrarse con su familia en libertad. Mi cari\u00f1o para Lilian, sus hijos y sus padres en estas horas cuando por fin pueden estar juntos\u00bb. \u00abYa era hora, te esperamos para continuar luchando por la libertad\u00bb, dijo el exalcalde de Caracas, Antonio Ledezma.<\/p>\n\n\n\n<p>La salida de Leopoldo L\u00f3pez de Venezuela opac\u00f3\u00a0la llegada de Evo Morales al pa\u00eds sudamericano, quien habr\u00eda salido el viernes de Argentina, donde estuvo residenciado durante un a\u00f1o, y ahora parece que se reencontrar\u00e1 con la c\u00fapula chavista en momentos en que el candidato de su partido (MAS), Luis Arce, logr\u00f3 la victoria en las elecciones presidenciales de Bolivia.<\/p>\n\n\n\n<p>Leopoldo L\u00f3pez Mendoza, de 49 a\u00f1os, fue condenado a casi 14 a\u00f1os de prisi\u00f3n luego de dirigir las manifestaciones contra Maduro en 2014 en Caracas que se extendieron en todo el territorio nacional, y que se saldaron con 43 personas fallecidas.<\/p>\n\n\n\n<p class=\"has-text-align-right\"><strong><em>Cortes\u00eda ABC.-<\/em><\/strong><\/p>\n","protected":false},"excerpt":{"rendered":"<p>Pudiera iniciar una gira internacional para desligitimar las elecciones parlamentarias de Maduro <\/p>\n","protected":false},"author":2,"featured_media":927,"comment_status":"open","ping_status":"open","sticky":false,"template":"","format":"standard","meta":{"jnews-multi-image_gallery":[],"jnews_single_post":[],"jnews_primary_category":[],"jnews_social_meta":[],"jnews_review":[],"enable_review":"","type":"","name":"","summary":"","brand":"","sku":"","good":[],"bad":[],"score_override":"","override_value":"","rating":[],"price":[],"jnews_override_counter":[],"jnews_post_split":[],"footnotes":""},"categories":[66],"tags":[148,149,56],"class_list":["post-926","post","type-post","status-publish","format-standard","has-post-thumbnail","hentry","category-venezuela","tag-espana","tag-leopoldo-lopez","tag-venezuela"],"amp_enabled":true,"_links":{"self":[{"href":"https:\/\/esreviral.com\/index.php?rest_route=\/wp\/v2\/posts\/926"}],"collection":[{"href":"https:\/\/esreviral.com\/index.php?rest_route=\/wp\/v2\/posts"}],"about":[{"href":"https:\/\/esreviral.com\/index.php?rest_route=\/wp\/v2\/types\/post"}],"author":[{"embeddable":true,"href":"https:\/\/esreviral.com\/index.php?rest_route=\/wp\/v2\/users\/2"}],"replies":[{"embeddable":true,"href":"https:\/\/esreviral.com\/index.php?rest_route=%2Fwp%2Fv2%2Fcomments&post=926"}],"version-history":[{"count":0,"href":"https:\/\/esreviral.com\/index.php?rest_route=\/wp\/v2\/posts\/926\/revisions"}],"wp:featuredmedia":[{"embeddable":true,"href":"https:\/\/esreviral.com\/index.php?rest_route=\/"}],"wp:attachment":[{"href":"https:\/\/esreviral.com\/index.php?rest_route=%2Fwp%2Fv2%2Fmedia&parent=926"}],"wp:term":[{"taxonomy":"category","embeddable":true,"href":"https:\/\/esreviral.com\/index.php?rest_route=%2Fwp%2Fv2%2Fcategories&post=926"},{"taxonomy":"post_tag","embeddable":true,"href":"https:\/\/esreviral.com\/index.php?rest_route=%2Fwp%2Fv2%2Ftags&post=926"}],"curies":[{"name":"wp","href":"https:\/\/api.w.org\/{rel}","templated":true}]}}