{"id":923,"date":"2020-10-24T22:26:01","date_gmt":"2020-10-24T22:26:01","guid":{"rendered":"http:\/\/esreviral.com\/?p=923"},"modified":"2020-10-24T22:26:01","modified_gmt":"2020-10-24T22:26:01","slug":"argentina-abrira-las-fronteras-para-el-ingreso-de-turistas-de-paises-limitrofes","status":"publish","type":"post","link":"https:\/\/esreviral.com\/?p=923","title":{"rendered":"Argentina abrir\u00e1 las fronteras para el ingreso de turistas de pa\u00edses lim\u00edtrofes"},"content":{"rendered":"\n<p>El jefe de Gabinete, Santiago Cafiero, y el ministro de Turismo, Mat\u00edas Lammes, confirmaron que\u00a0se abrir\u00e1n las para el ingreso de turistas de los pa\u00edses lim\u00edtrofes Brasil, Paraguay, Uruguay, Bolivia y Chile, durante la pr\u00f3xima temporada de verano.<\/p>\n\n\n\n<p>\u00abVamos a empezar esta semana con experiencias piloto para reanudar el turismo receptivo de pa\u00edses lim\u00edtrofes\u00bb, confirm\u00f3 Cafiero en declaraciones a radio El Destape.<\/p>\n\n\n\n<p>El funcionario remarc\u00f3 que \u00abhabr\u00e1 turismo receptivo de pa\u00edses lim\u00edtrofes\u00bb y destac\u00f3 que \u00abtenemos que ir reanudando muy paulatinamente el turismo\u00bb.<\/p>\n\n\n\n<p>El jefe de Gabinete aclar\u00f3 que \u00abpara la reapertura total -de las fronteras- no est\u00e1n dadas las condiciones epidemiol\u00f3gicas\u00bb y sostuvo que \u00abArgentina hoy en d\u00eda no tiene la posibilidad de abrir tur\u00edsticamente por completo\u00bb.<\/p>\n\n\n\n<blockquote class=\"wp-block-quote td_quote_box td_box_center is-layout-flow wp-block-quote-is-layout-flow\"><p>\u00abArgentina hoy en d\u00eda no tiene la posibilidad de abrir tur\u00edsticamente por completo\u00bb SANTIAGO CAFIERO<\/p><\/blockquote>\n\n\n\n<p><br>Por su parte, Lammens indic\u00f3 que \u00abdesde el Gobierno nacional se tom\u00f3 la decisi\u00f3n de abrir la fronteras para recibir turistas de los pa\u00edses lim\u00edtrofes\u00bb.<\/p>\n\n\n\n<p>Con respecto a la situaci\u00f3n de la pandemia de coronavirus, Cafiero dijo que \u00abla vacuna es el horizonte de terminar con la pandemia\u00bb.<\/p>\n\n\n\n<p>En principio ser\u00e1 v\u00eda a\u00e9rea, a trav\u00e9s de Ezeiza, y v\u00eda mar\u00edtima a trav\u00e9s del Puerto de Buenos Aires. Hemos trabajado toda la semana con el Ministerio de Salud para crear las condiciones para que esto pueda suceder\u00bb, se\u00f1al\u00f3 Lammens en declaraciones a Radio Mitre .<\/p>\n\n\n\n<p>En esa l\u00ednea, asegur\u00f3 que \u00abla decisi\u00f3n es inminente, y va estar incluida esta apertura en el decreto de necesidad y urgencia que saldr\u00e1 ma\u00f1ana con la nueva etapa del aislamiento por la pandemia del coronavirus, y luego saldr\u00e1n los protocolos\u00bb.<\/p>\n\n\n\n<p>Lammens explic\u00f3 que la decisi\u00f3n implica \u00abun ingreso importante para nuestra econom\u00eda y una etapa m\u00e1s en esta pandemia para dar vuelta la p\u00e1gina, sin abandonar la lucha contra el virus que nos tiene en plena batalla\u00bb.<\/p>\n\n\n\n<p>\u00abHoy creemos que las condiciones est\u00e1n dadas para que puedan venir turistas a la Argentina, en esta nueva etapa donde tenemos que convivir con el virus, y sabemos la importancia del ingreso que representa para el sector\u00bb, sostuvo.<\/p>\n\n\n\n<p>Inform\u00f3 adem\u00e1s que \u00abtrabajamos con el Gobierno de la Ciudad de Buenos Aires en estrictos protocolos, y habr\u00e1 testeos PCR a bordo para los turistas uruguayos\u00bb.<\/p>\n\n\n\n<p>El Ministro explic\u00f3 tambi\u00e9n que \u00abno va a haber cuarentena para los turistas que arriben, por eso pediremos el test PCR para tener un grado de seguridad, tambi\u00e9n se tomar\u00e1 la fiebre y habr\u00e1 una declaraci\u00f3n jurada\u00bb.<\/p>\n\n\n\n<p>En tanto, Lammens insisti\u00f3: \u00abVamos a tener temporada de verano, y para eso tenemos que cuidarnos mucho, y estamos trabajando con cada una de las provincias para implementar un plan muy fuerte del Estado nacional para evitar contagios y saturaci\u00f3n del sistema sanitario\u00bb.<\/p>\n\n\n\n<p>\u00abSe van a a instalar 18 hospitales modulares en los lugares de turismo del pa\u00eds, con todo el equipamiento, para evitar que no haya saturaci\u00f3n del sistema sanitario\u00bb, explic\u00f3 y concluy\u00f3 al informar que se va a llevar \u00abel plan Detectar a cada uno de esos sitios tur\u00edsticos, y, cuando haya alg\u00fan caso positivo, se lo aislar\u00e1 de inmediato\u00bb.<\/p>\n\n\n\n<blockquote class=\"wp-block-quote td_quote_box td_box_center is-layout-flow wp-block-quote-is-layout-flow\"><p>\u00abVamos a tener temporada de verano, y para eso tenemos que cuidarnos mucho\u00bb MAT\u00cdAS LAMMENS<\/p><\/blockquote>\n","protected":false},"excerpt":{"rendered":"<p>Lo confirmaron el jefe de Gabinete y el ministro de Turismo y Deportes de la Naci\u00f3n. \u00abHemos trabajado toda la semana con el Ministerio de Salud para crear las condiciones para que esto pueda suceder\u00bb, dijo Mat\u00edas Lammens<\/p>\n","protected":false},"author":2,"featured_media":924,"comment_status":"open","ping_status":"open","sticky":false,"template":"","format":"standard","meta":{"jnews-multi-image_gallery":[],"jnews_single_post":[],"jnews_primary_category":[],"jnews_social_meta":[],"jnews_review":[],"enable_review":"","type":"","name":"","summary":"","brand":"","sku":"","good":[],"bad":[],"score_override":"","override_value":"","rating":[],"price":[],"jnews_override_counter":[],"jnews_post_split":[],"footnotes":""},"categories":[58],"tags":[147,45],"class_list":["post-923","post","type-post","status-publish","format-standard","has-post-thumbnail","hentry","category-argentina","tag-cuarentena","tag-noticias"],"amp_enabled":true,"_links":{"self":[{"href":"https:\/\/esreviral.com\/index.php?rest_route=\/wp\/v2\/posts\/923"}],"collection":[{"href":"https:\/\/esreviral.com\/index.php?rest_route=\/wp\/v2\/posts"}],"about":[{"href":"https:\/\/esreviral.com\/index.php?rest_route=\/wp\/v2\/types\/post"}],"author":[{"embeddable":true,"href":"https:\/\/esreviral.com\/index.php?rest_route=\/wp\/v2\/users\/2"}],"replies":[{"embeddable":true,"href":"https:\/\/esreviral.com\/index.php?rest_route=%2Fwp%2Fv2%2Fcomments&post=923"}],"version-history":[{"count":0,"href":"https:\/\/esreviral.com\/index.php?rest_route=\/wp\/v2\/posts\/923\/revisions"}],"wp:featuredmedia":[{"embeddable":true,"href":"https:\/\/esreviral.com\/index.php?rest_route=\/"}],"wp:attachment":[{"href":"https:\/\/esreviral.com\/index.php?rest_route=%2Fwp%2Fv2%2Fmedia&parent=923"}],"wp:term":[{"taxonomy":"category","embeddable":true,"href":"https:\/\/esreviral.com\/index.php?rest_route=%2Fwp%2Fv2%2Fcategories&post=923"},{"taxonomy":"post_tag","embeddable":true,"href":"https:\/\/esreviral.com\/index.php?rest_route=%2Fwp%2Fv2%2Ftags&post=923"}],"curies":[{"name":"wp","href":"https:\/\/api.w.org\/{rel}","templated":true}]}}