{"id":919,"date":"2020-10-24T19:59:15","date_gmt":"2020-10-24T19:59:15","guid":{"rendered":"http:\/\/esreviral.com\/?p=919"},"modified":"2020-10-24T19:59:15","modified_gmt":"2020-10-24T19:59:15","slug":"la-vinotinto-anuncia-su-lista-de-jugadores-para-enfrentar-a-brasil-y-chile","status":"publish","type":"post","link":"https:\/\/esreviral.com\/?p=919","title":{"rendered":"La Vinotinto anuncia su lista de jugadores para enfrentar a Brasil y Chile"},"content":{"rendered":"\n<p>La Vinotinto dio a conocer, este s\u00e1bado, su lista larga de jugadores para enfrentar a Brasil y Chile en noviembre.<\/p>\n\n\n\n<p>El listado est\u00e1 compuesto por 33 jugadores que juegan en 17 pa\u00edses distintos, una situaci\u00f3n muy parecida a la vivida en las primeras dos fechas cuando enfrentaron a Colombia y Paraguay.<\/p>\n\n\n\n<p>El seleccionador nacional vinotinto Jos\u00e9 Peseiro tendr\u00e1 la oportunidad de trabajar m\u00e1s d\u00edas con el mismo grupo con el que inici\u00f3 la Eliminatoria Sudamericana y con el que apenas ha tenido dos partidos oficiales y solo seis entrenamientos, de los cuales tres han sido con el grupo completo.<\/p>\n\n\n\n<p>De esta plantilla, el DT escoger\u00e1 los convocados finales a cada partido.<\/p>\n\n\n\n<p>La Vinotinto jugar\u00e1 el viernes 13 de noviembre ante Brasil en S\u00e3o Paulo, a las 8:30 pm, hora venezolana y el martes 17 ante Chile en Caracas, a las 6:00 pm.<\/p>\n\n\n\n<p>A continuaci\u00f3n los 33 jugadores convocados por el seleccionador Jos\u00e9 Peseiro:<\/p>\n\n\n\n<figure class=\"wp-block-image size-large\"><img decoding=\"async\" src=\"http:\/\/esreviral.com\/wp-content\/uploads\/2020\/10\/erv_vinotinto_ig_2020-819x1024.jpeg\" alt=\"\" class=\"wp-image-920\"\/><\/figure>\n\n\n\n<p><strong>ARQUEROS<\/strong><\/p>\n\n\n\n<p>Wuilker Fari\u00f1ez (R.C Lens, FRA)<\/p>\n\n\n\n<p>Ala\u00edn Baroja (Delf\u00edn, ECU)<\/p>\n\n\n\n<p>Joel Graterol (Am\u00e9rica de Cali, COL)&nbsp;<\/p>\n\n\n\n<p>Jos\u00e9 Contreras (Dvo T\u00e1chira)<\/p>\n\n\n\n<p><strong>DEFENSAS<\/strong><\/p>\n\n\n\n<p>Alexander Gonz\u00e1lez (FC Dinamo, RUM)<\/p>\n\n\n\n<p>Roberto Rosales (CD Legan\u00e9s, ESP)<\/p>\n\n\n\n<p>Miguel Navarro (Chicago Fire, EE UU)<\/p>\n\n\n\n<p>Rolf Feltscher (LA Galaxy, EE UU)<\/p>\n\n\n\n<p>Jhon Chancellor (Brescia, ITA)<\/p>\n\n\n\n<p>Ronald Hern\u00e1ndez (Aberdeen, ESC)<\/p>\n\n\n\n<p>Luis Mago (Universidad de Chile, CHI)<\/p>\n\n\n\n<p>Mikel Villanueva (CD Santa Clara, POR)<\/p>\n\n\n\n<p>Nahuel Ferraresi (Moreirense FC, POR)<\/p>\n\n\n\n<p>Wilker \u00c1ngel (Ajmat Groszny, RUS)<\/p>\n\n\n\n<p>Yordan Osorio (Parma Calcio, ITA)<\/p>\n\n\n\n<p><strong>VOLANTES<\/strong><\/p>\n\n\n\n<p>Bernaldo Manzano (Atl\u00e9tico Bucaramanga, COL)<\/p>\n\n\n\n<p>Junior Moreno (DC United, EE UU)<\/p>\n\n\n\n<p>Tom\u00e1s Rinc\u00f3n (Torino FC, ITA)<\/p>\n\n\n\n<p>Yangel Herrera (Granada CF, ESP)<\/p>\n\n\n\n<p>Jos\u00e9 Mart\u00ednez (Uni\u00f3n Filadelfia, EE UU)<\/p>\n\n\n\n<p>Cristian C\u00e1sseres (New York Red Bull, EEUU)<\/p>\n\n\n\n<p>Juan Pablo A\u00f1or (Al-Ain FC, ARA)<\/p>\n\n\n\n<p>Renzo Zambrano (Portland Timbers, EE UU)<\/p>\n\n\n\n<p>Jhon Murillo (CD Tondela, POR)<\/p>\n\n\n\n<p>Jefferson Savarino (Atl\u00e9tico Mineiro, BRA)<\/p>\n\n\n\n<p>R\u00f3mulo Otero (Corinthians, BRA)<\/p>\n\n\n\n<p>Yeferson Soteldo (Santos, BRA)<\/p>\n\n\n\n<p><strong>ATACANTES<\/strong><\/p>\n\n\n\n<p>Darwin Mach\u00eds (Granada CF, ESP)<\/p>\n\n\n\n<p>Eric Ram\u00edrez (Dunajska Streda, SLO)<\/p>\n\n\n\n<p>Fernando Aristiguieta (Mazatl\u00e1n FC, MEX)<\/p>\n\n\n\n<p>Jan Carlos Hurtado (RB Bragantino, BRA)<\/p>\n\n\n\n<p>Salom\u00f3n Rond\u00f3n (Dalian Pro, CHI)<\/p>\n\n\n\n<p>Sergio C\u00f3rdova (Arminia Bielefeld, ALE)<\/p>\n\n\n\n<p>DT: Jos\u00e9 Peseiro<\/p>\n","protected":false},"excerpt":{"rendered":"<p>La Vinotinto dio a conocer, este s\u00e1bado, su lista larga de jugadores para enfrentar a Brasil y Chile en noviembre. El listado est\u00e1 compuesto por 33 jugadores que juegan en 17 pa\u00edses distintos, una situaci\u00f3n muy parecida a la vivida en las primeras dos fechas cuando enfrentaron a Colombia y Paraguay. El seleccionador nacional vinotinto [&hellip;]<\/p>\n","protected":false},"author":2,"featured_media":921,"comment_status":"open","ping_status":"open","sticky":false,"template":"","format":"standard","meta":{"jnews-multi-image_gallery":[],"jnews_single_post":[],"jnews_primary_category":[],"jnews_social_meta":[],"jnews_review":[],"enable_review":"","type":"","name":"","summary":"","brand":"","sku":"","good":[],"bad":[],"score_override":"","override_value":"","rating":[],"price":[],"jnews_override_counter":[],"jnews_post_split":[],"footnotes":""},"categories":[48],"tags":[49,146,94],"class_list":["post-919","post","type-post","status-publish","format-standard","has-post-thumbnail","hentry","category-deportes","tag-deportes","tag-la-vinotinto","tag-qatar2020"],"amp_enabled":true,"_links":{"self":[{"href":"https:\/\/esreviral.com\/index.php?rest_route=\/wp\/v2\/posts\/919"}],"collection":[{"href":"https:\/\/esreviral.com\/index.php?rest_route=\/wp\/v2\/posts"}],"about":[{"href":"https:\/\/esreviral.com\/index.php?rest_route=\/wp\/v2\/types\/post"}],"author":[{"embeddable":true,"href":"https:\/\/esreviral.com\/index.php?rest_route=\/wp\/v2\/users\/2"}],"replies":[{"embeddable":true,"href":"https:\/\/esreviral.com\/index.php?rest_route=%2Fwp%2Fv2%2Fcomments&post=919"}],"version-history":[{"count":0,"href":"https:\/\/esreviral.com\/index.php?rest_route=\/wp\/v2\/posts\/919\/revisions"}],"wp:featuredmedia":[{"embeddable":true,"href":"https:\/\/esreviral.com\/index.php?rest_route=\/"}],"wp:attachment":[{"href":"https:\/\/esreviral.com\/index.php?rest_route=%2Fwp%2Fv2%2Fmedia&parent=919"}],"wp:term":[{"taxonomy":"category","embeddable":true,"href":"https:\/\/esreviral.com\/index.php?rest_route=%2Fwp%2Fv2%2Fcategories&post=919"},{"taxonomy":"post_tag","embeddable":true,"href":"https:\/\/esreviral.com\/index.php?rest_route=%2Fwp%2Fv2%2Ftags&post=919"}],"curies":[{"name":"wp","href":"https:\/\/api.w.org\/{rel}","templated":true}]}}