{"id":9166,"date":"2021-08-09T15:54:39","date_gmt":"2021-08-09T18:54:39","guid":{"rendered":"http:\/\/esreviral.com\/?p=9166"},"modified":"2021-08-09T15:54:39","modified_gmt":"2021-08-09T18:54:39","slug":"alberto-fernandez-vamos-a-hacer-de-internet-un-servicio-publico","status":"publish","type":"post","link":"https:\/\/esreviral.com\/?p=9166","title":{"rendered":"Alberto Fern\u00e1ndez: \u201cVamos a hacer de internet un servicio p\u00fablico\u00bb"},"content":{"rendered":"\n<p><mark>\u201c<strong>Es impensable vivir en un mundo donde la conectividad no llegue a todos. Se enojan porque digo que internet es un servicio p\u00fablico&#8230; \u00a1que se enojen! Porque vamos a hacer de internet un servicio p\u00fablico para que llegue a todos los argentinos y las argentinas y que no nos estafen ni nos roben con las tarifas<\/strong>\u201d,<\/mark>\u00a0asegur\u00f3 este lunes el presidente Alberto Fern\u00e1ndez en la presentaci\u00f3n del plan Argentina Programa. <\/p>\n\n\n\n<p>El plan Argentina Programa, que busca generar 60 mil puestos de trabajo de calidad para j\u00f3venes en las diversas industrias de la econom\u00eda del conocimiento.<\/p>\n\n\n\n<p>El mandatario, que estuvo acompa\u00f1ado por el gobernador de Buenos Aires, Axel Kicillof, asegur\u00f3 que \u201clos j\u00f3venes han sido hist\u00f3ricamente protagonistas en Argentina de un proceso de cambio impresionante, que ha condicionado al poder para que esos cambios se confirmen\u201d, y agreg\u00f3 que \u201cpara ellos, el proyecto pretende capacitar y dar trabajo en una Argentina que tiene un potencial enorme\u201d.<\/p>\n","protected":false},"excerpt":{"rendered":"<p>\u201cEs impensable vivir en un mundo donde la conectividad no llegue a todos. Se enojan porque digo que internet es un servicio p\u00fablico&#8230; \u00a1que se enojen! Porque vamos a hacer de internet un servicio p\u00fablico para que llegue a todos los argentinos y las argentinas y que no nos estafen ni nos roben con las [&hellip;]<\/p>\n","protected":false},"author":2,"featured_media":9167,"comment_status":"open","ping_status":"open","sticky":false,"template":"","format":"standard","meta":{"jnews-multi-image_gallery":[],"jnews_single_post":[],"jnews_primary_category":[],"jnews_social_meta":[],"jnews_review":[],"enable_review":"","type":"","name":"","summary":"","brand":"","sku":"","good":[],"bad":[],"score_override":"","override_value":"","rating":[],"price":[],"jnews_override_counter":[],"jnews_post_split":[],"footnotes":""},"categories":[58],"tags":[86,44,45],"class_list":["post-9166","post","type-post","status-publish","format-standard","has-post-thumbnail","hentry","category-argentina","tag-alberto-fernandez","tag-argentina","tag-noticias"],"amp_enabled":true,"_links":{"self":[{"href":"https:\/\/esreviral.com\/index.php?rest_route=\/wp\/v2\/posts\/9166"}],"collection":[{"href":"https:\/\/esreviral.com\/index.php?rest_route=\/wp\/v2\/posts"}],"about":[{"href":"https:\/\/esreviral.com\/index.php?rest_route=\/wp\/v2\/types\/post"}],"author":[{"embeddable":true,"href":"https:\/\/esreviral.com\/index.php?rest_route=\/wp\/v2\/users\/2"}],"replies":[{"embeddable":true,"href":"https:\/\/esreviral.com\/index.php?rest_route=%2Fwp%2Fv2%2Fcomments&post=9166"}],"version-history":[{"count":0,"href":"https:\/\/esreviral.com\/index.php?rest_route=\/wp\/v2\/posts\/9166\/revisions"}],"wp:featuredmedia":[{"embeddable":true,"href":"https:\/\/esreviral.com\/index.php?rest_route=\/"}],"wp:attachment":[{"href":"https:\/\/esreviral.com\/index.php?rest_route=%2Fwp%2Fv2%2Fmedia&parent=9166"}],"wp:term":[{"taxonomy":"category","embeddable":true,"href":"https:\/\/esreviral.com\/index.php?rest_route=%2Fwp%2Fv2%2Fcategories&post=9166"},{"taxonomy":"post_tag","embeddable":true,"href":"https:\/\/esreviral.com\/index.php?rest_route=%2Fwp%2Fv2%2Ftags&post=9166"}],"curies":[{"name":"wp","href":"https:\/\/api.w.org\/{rel}","templated":true}]}}