{"id":9159,"date":"2021-08-09T10:16:39","date_gmt":"2021-08-09T13:16:39","guid":{"rendered":"http:\/\/esreviral.com\/?p=9159"},"modified":"2021-08-09T10:16:39","modified_gmt":"2021-08-09T13:16:39","slug":"estos-son-los-primeros-14-candidatos-del-psuv-a-las-gobernaciones","status":"publish","type":"post","link":"https:\/\/esreviral.com\/?p=9159","title":{"rendered":"Estos son los primeros 14 candidatos del PSUV a las gobernaciones"},"content":{"rendered":"\n<p>Luego de las peleas reportadas entre los militantes del Partido Socialista Unido de Venezuela (PSUV), los retrasos en las filas y las denuncias por uso de armas y hasta hostigamiento contra periodistas, en el proceso electoral de las internas, el vicepresidente de la tolda roja, Diosdado Cabello dio los primeros resultados \u00abirreversibles\u00bb. <\/p>\n\n\n\n<p>Lo que para muchos fue una pugna entre Cabello y Maduro, pareciera haber terminado en \u00abbuenos t\u00e9rminos\u00bb, aunque a\u00fan falta por definir, a pesar de la promesa de Maduro de que todos los resultados se conocer\u00edan en la noche y no un mes despu\u00e9s. <\/p>\n\n\n\n<p>Fue a las 3:00am, cuando finalmente Cabello dio a conocer los primero resultados y <strong><span style=\"background-color:#9a1b22\" class=\"td_text_highlight_marker\">estos son: <\/span><\/strong><\/p>\n\n\n\n<p><strong>Libertador (Caracas):<\/strong>&nbsp;Carmen Mel\u00e9ndez (52,69%) <\/p>\n\n\n\n<p><strong>Anzo\u00e1tegui:<\/strong>&nbsp;Luis Marcano (69,07%).<\/p>\n\n\n\n<p><strong>Barinas:<\/strong>&nbsp;Argenis Ch\u00e1vez (56,43%).<\/p>\n\n\n\n<p><strong>Carabobo:<\/strong>&nbsp;Rafael Lacava (65,48%).<\/p>\n\n\n\n<p><strong>Delta Amacuro<\/strong>: Lizeta Hern\u00e1ndez (80,28%).<\/p>\n\n\n\n<p><strong>Falc\u00f3n<\/strong>: V\u00edctor Clark (73,51%).<\/p>\n\n\n\n<p><strong>Miranda:<\/strong>&nbsp;H\u00e9ctor Rodr\u00edguez (63,54%).<\/p>\n\n\n\n<p><strong>Gu\u00e1rico:<\/strong>&nbsp;Jos\u00e9 V\u00e1squez (54,05%).<\/p>\n\n\n\n<p><strong>Lara<\/strong>: Adolfo Pereira (62,17%).<\/p>\n\n\n\n<p><strong>M\u00e9rida:<\/strong>&nbsp;Jehyson Guzm\u00e1n (50,54%).<\/p>\n\n\n\n<p><strong>Portuguesa:&nbsp;<\/strong>Antonio Cede\u00f1o (54,38%).<\/p>\n\n\n\n<p><strong>T\u00e1chira<\/strong>: Freddy Bernal (66,4%).<\/p>\n\n\n\n<p><strong>Yaracuy<\/strong>: Julio Le\u00f3n (59,72%).<\/p>\n\n\n\n<p><strong>Zulia:<\/strong>&nbsp;Omar Prieto (67,01%).<\/p>\n\n\n\n<p><strong>La Guaira<\/strong>: Jos\u00e9 Ter\u00e1n (45,27%).<\/p>\n\n\n\n<figure class=\"wp-block-embed-twitter wp-block-embed is-type-rich is-provider-twitter\"><div class=\"wp-block-embed__wrapper\">\n<blockquote class=\"twitter-tweet\" data-width=\"500\" data-dnt=\"true\"><p lang=\"es\" dir=\"ltr\"><a href=\"https:\/\/twitter.com\/hashtag\/8ago?src=hash&amp;ref_src=twsrc%5Etfw\">#8ago<\/a> <a href=\"https:\/\/twitter.com\/hashtag\/Lara?src=hash&amp;ref_src=twsrc%5Etfw\">#Lara<\/a> Estefany Mel\u00e9ndez, secretaria ejecutiva del PSUV en Sim\u00f3n Planas, denuncia que fue golpeada por seguidores del precandidato \u00c1ngel Prado: \u201cCh\u00e1vez somos todos\u201d <a href=\"https:\/\/twitter.com\/hashtag\/internasdelpsuv?src=hash&amp;ref_src=twsrc%5Etfw\">#internasdelpsuv<\/a> <a href=\"https:\/\/t.co\/h1P4kHPouF\">pic.twitter.com\/h1P4kHPouF<\/a><\/p>&mdash; ES RE VIRAL (@esreviral) <a href=\"https:\/\/twitter.com\/esreviral\/status\/1424451051235721220?ref_src=twsrc%5Etfw\">August 8, 2021<\/a><\/blockquote><script async src=\"https:\/\/platform.twitter.com\/widgets.js\" charset=\"utf-8\"><\/script>\n<\/div><\/figure>\n","protected":false},"excerpt":{"rendered":"<p>Se suscitaron varias peleas a golpes entre los militantes que denunciaban \u00abtrampa\u00bb<\/p>\n","protected":false},"author":2,"featured_media":9160,"comment_status":"open","ping_status":"open","sticky":false,"template":"","format":"standard","meta":{"jnews-multi-image_gallery":[],"jnews_single_post":[],"jnews_primary_category":[],"jnews_social_meta":[],"jnews_review":[],"enable_review":"","type":"","name":"","summary":"","brand":"","sku":"","good":[],"bad":[],"score_override":"","override_value":"","rating":[],"price":[],"jnews_override_counter":[],"jnews_post_split":[],"footnotes":""},"categories":[59,66],"tags":[381,110,45,938,56],"class_list":["post-9159","post","type-post","status-publish","format-standard","has-post-thumbnail","hentry","category-politica","category-venezuela","tag-diosdado-cabello","tag-elecciones","tag-noticias","tag-psuv","tag-venezuela"],"amp_enabled":true,"_links":{"self":[{"href":"https:\/\/esreviral.com\/index.php?rest_route=\/wp\/v2\/posts\/9159"}],"collection":[{"href":"https:\/\/esreviral.com\/index.php?rest_route=\/wp\/v2\/posts"}],"about":[{"href":"https:\/\/esreviral.com\/index.php?rest_route=\/wp\/v2\/types\/post"}],"author":[{"embeddable":true,"href":"https:\/\/esreviral.com\/index.php?rest_route=\/wp\/v2\/users\/2"}],"replies":[{"embeddable":true,"href":"https:\/\/esreviral.com\/index.php?rest_route=%2Fwp%2Fv2%2Fcomments&post=9159"}],"version-history":[{"count":0,"href":"https:\/\/esreviral.com\/index.php?rest_route=\/wp\/v2\/posts\/9159\/revisions"}],"wp:featuredmedia":[{"embeddable":true,"href":"https:\/\/esreviral.com\/index.php?rest_route=\/"}],"wp:attachment":[{"href":"https:\/\/esreviral.com\/index.php?rest_route=%2Fwp%2Fv2%2Fmedia&parent=9159"}],"wp:term":[{"taxonomy":"category","embeddable":true,"href":"https:\/\/esreviral.com\/index.php?rest_route=%2Fwp%2Fv2%2Fcategories&post=9159"},{"taxonomy":"post_tag","embeddable":true,"href":"https:\/\/esreviral.com\/index.php?rest_route=%2Fwp%2Fv2%2Ftags&post=9159"}],"curies":[{"name":"wp","href":"https:\/\/api.w.org\/{rel}","templated":true}]}}